{"id":5552,"date":"2022-02-17T19:01:27","date_gmt":"2022-02-17T18:01:27","guid":{"rendered":"http:\/\/www.clg-bastie-velizy.ac-versailles.fr\/?p=5552"},"modified":"2022-04-11T11:50:13","modified_gmt":"2022-04-11T09:50:13","slug":"des-femmes-et-des-sciences","status":"publish","type":"post","link":"https:\/\/clg-bastie-velizy.ac-versailles.fr\/?p=5552","title":{"rendered":"Des femmes et des Sciences"},"content":{"rendered":"<p style=\"text-align: justify\">Du 8 au 17 f\u00e9vrier, le CDI a accueilli une exposition sur les femmes de Sciences \u00e0 l&#8217;occasion de la Journ\u00e9e internationale des femmes et filles de Sciences qui a eu lieu le 11 f\u00e9vrier.<\/p>\n<p style=\"text-align: justify\">Les \u00e9l\u00e8ves avaient la possibilit\u00e9 de r\u00e9pondre \u00e0 un questionnaire sur l&#8217;exposition qui leur permettait, si toutes leurs r\u00e9ponses \u00e9taient correctes, de gagner une petite r\u00e9compense. 134 ont particip\u00e9 et 54 ont remport\u00e9 le petit cadeau en question !<\/p>\n<p>Une s\u00e9lection de documents sur le sujet \u00e9tait propos\u00e9e afin que les \u00e9l\u00e8ves puissent emprunter des ouvrages et s&#8217;informer davantage sur les femmes scientifiques actuelles et historiques.<\/p>\n<p>Cet \u00e9v\u00e9nement \u00e9tait l&#8217;occasion de rappeler \u00e0 toutes et \u00e0 tous l&#8217;importance des femmes dans le monde, le progr\u00e8s et la d\u00e9couverte scientifiques et technologiques et de renforcer et encourager cette participation !<\/p>\n\n\t\t<div id='gallery-1' class='gallery galleryid-5552 gallery-columns-3 gallery-size-thumbnail gallery1'><script type=\"text\/javascript\">\r\n\/\/ <![CDATA[\r\n\tjQuery(document).ready(function () {\r\n\t\tjQuery(\".gallery1 a\").attr(\"rel\",\"gallery1\");\t\r\n\t\tjQuery('a[rel=\"gallery1\"]').colorbox({maxWidth:\"95%\", maxHeight:\"95%\",title: function(){ return jQuery(this).children().attr(\"alt\"); }, });\r\n\t});\r\n\/\/ ]]>\r\n<\/script>\n<figure class=\"gallery-item\">\n<div class=\"gallery-icon\">\r\n<a href=\"https:\/\/clg-bastie-velizy.ac-versailles.fr\/wp-content\/uploads\/sites\/174\/2022\/04\/WhatsApp-Image-2022-03-28-at-09.29.27-1.jpeg\" title=\"\" rel=\"gallery1\"><img loading=\"lazy\" decoding=\"async\" src=\"https:\/\/clg-bastie-velizy.ac-versailles.fr\/wp-content\/uploads\/sites\/174\/2022\/04\/WhatsApp-Image-2022-03-28-at-09.29.27-1-150x150.jpeg\" width=\"150\" height=\"150\" alt=\"\" \/><\/a>\r\n<\/div><\/figure><figure class=\"gallery-item\">\n<div class=\"gallery-icon\">\r\n<a href=\"https:\/\/clg-bastie-velizy.ac-versailles.fr\/wp-content\/uploads\/sites\/174\/2022\/04\/WhatsApp-Image-2022-03-28-at-09.29.27-2.jpeg\" title=\"\" rel=\"gallery1\"><img loading=\"lazy\" decoding=\"async\" src=\"https:\/\/clg-bastie-velizy.ac-versailles.fr\/wp-content\/uploads\/sites\/174\/2022\/04\/WhatsApp-Image-2022-03-28-at-09.29.27-2-150x150.jpeg\" width=\"150\" height=\"150\" alt=\"\" \/><\/a>\r\n<\/div><\/figure><figure class=\"gallery-item\">\n<div class=\"gallery-icon\">\r\n<a href=\"https:\/\/clg-bastie-velizy.ac-versailles.fr\/wp-content\/uploads\/sites\/174\/2022\/04\/WhatsApp-Image-2022-03-28-at-09.29.27.jpeg\" title=\"\" rel=\"gallery1\"><img loading=\"lazy\" decoding=\"async\" src=\"https:\/\/clg-bastie-velizy.ac-versailles.fr\/wp-content\/uploads\/sites\/174\/2022\/04\/WhatsApp-Image-2022-03-28-at-09.29.27-150x150.jpeg\" width=\"150\" height=\"150\" alt=\"\" \/><\/a>\r\n<\/div><\/figure>\r\n\t\t<\/div>\n\n","protected":false},"excerpt":{"rendered":"<p>Du 8 au 17 f\u00e9vrier, le CDI a accueilli une exposition sur les femmes de Sciences \u00e0 l&#8217;occasion de la Journ\u00e9e internationale des femmes et filles de Sciences qui a eu lieu le 11 f\u00e9vrier. Les \u00e9l\u00e8ves avaient la possibilit\u00e9 de r\u00e9pondre \u00e0 un questionnaire sur l&#8217;exposition qui leur permettait, si toutes leurs r\u00e9ponses \u00e9taient [&hellip;]<\/p>\n","protected":false},"author":1127,"featured_media":5631,"comment_status":"closed","ping_status":"closed","sticky":false,"template":"","format":"standard","meta":{"footnotes":""},"categories":[26],"tags":[],"class_list":["post-5552","post","type-post","status-publish","format-standard","has-post-thumbnail","hentry","category-vie-pedagogique"],"_links":{"self":[{"href":"https:\/\/clg-bastie-velizy.ac-versailles.fr\/index.php?rest_route=\/wp\/v2\/posts\/5552","targetHints":{"allow":["GET"]}}],"collection":[{"href":"https:\/\/clg-bastie-velizy.ac-versailles.fr\/index.php?rest_route=\/wp\/v2\/posts"}],"about":[{"href":"https:\/\/clg-bastie-velizy.ac-versailles.fr\/index.php?rest_route=\/wp\/v2\/types\/post"}],"author":[{"embeddable":true,"href":"https:\/\/clg-bastie-velizy.ac-versailles.fr\/index.php?rest_route=\/wp\/v2\/users\/1127"}],"replies":[{"embeddable":true,"href":"https:\/\/clg-bastie-velizy.ac-versailles.fr\/index.php?rest_route=%2Fwp%2Fv2%2Fcomments&post=5552"}],"version-history":[{"count":4,"href":"https:\/\/clg-bastie-velizy.ac-versailles.fr\/index.php?rest_route=\/wp\/v2\/posts\/5552\/revisions"}],"predecessor-version":[{"id":5633,"href":"https:\/\/clg-bastie-velizy.ac-versailles.fr\/index.php?rest_route=\/wp\/v2\/posts\/5552\/revisions\/5633"}],"wp:featuredmedia":[{"embeddable":true,"href":"https:\/\/clg-bastie-velizy.ac-versailles.fr\/index.php?rest_route=\/wp\/v2\/media\/5631"}],"wp:attachment":[{"href":"https:\/\/clg-bastie-velizy.ac-versailles.fr\/index.php?rest_route=%2Fwp%2Fv2%2Fmedia&parent=5552"}],"wp:term":[{"taxonomy":"category","embeddable":true,"href":"https:\/\/clg-bastie-velizy.ac-versailles.fr\/index.php?rest_route=%2Fwp%2Fv2%2Fcategories&post=5552"},{"taxonomy":"post_tag","embeddable":true,"href":"https:\/\/clg-bastie-velizy.ac-versailles.fr\/index.php?rest_route=%2Fwp%2Fv2%2Ftags&post=5552"}],"curies":[{"name":"wp","href":"https:\/\/api.w.org\/{rel}","templated":true}]}}