{"id":5449,"date":"2021-12-13T13:33:06","date_gmt":"2021-12-13T12:33:06","guid":{"rendered":"http:\/\/www.clg-bastie-velizy.ac-versailles.fr\/?p=5449"},"modified":"2021-12-13T13:33:06","modified_gmt":"2021-12-13T12:33:06","slug":"journee-de-la-laicite-2021","status":"publish","type":"post","link":"https:\/\/clg-bastie-velizy.ac-versailles.fr\/?p=5449","title":{"rendered":"Journ\u00e9e de la La\u00efcit\u00e9 2021"},"content":{"rendered":"<p style=\"text-align: justify\">Le 9 d\u00e9cembre, nos coll\u00e9giens, l&#8217;\u00e9quipe \u00e9ducative et leurs invit\u00e9s ont c\u00e9l\u00e9br\u00e9 l&#8217;anniversaire de la loi de 1905. Le principe de la\u00efcit\u00e9 est au c\u0153ur des valeurs de la R\u00e9publique que l&#8217;ensemble des personnels ont pour mission de transmettre aux \u00e9l\u00e8ves.<\/p>\n<p style=\"text-align: justify\">Cette journ\u00e9e a donc \u00e9t\u00e9 pr\u00e9par\u00e9e de longue date \u00e0 travers des projets instructifs, ambitieux et originaux, qui ont fait vivre la la\u00efcit\u00e9 au sein du coll\u00e8ge. Ainsi chaque classe a mis au centre de ses pr\u00e9occupations le vivre-ensemble tout en rendant hommage \u00e0 Samuel PATY, assassin\u00e9 pour avoir fait vivre nos valeurs.<\/p>\n\n\t\t<div id='gallery-1' class='gallery galleryid-5449 gallery-columns-8 gallery-size-thumbnail gallery1'><script type=\"text\/javascript\">\r\n\/\/ <![CDATA[\r\n\tjQuery(document).ready(function () {\r\n\t\tjQuery(\".gallery1 a\").attr(\"rel\",\"gallery1\");\t\r\n\t\tjQuery('a[rel=\"gallery1\"]').colorbox({maxWidth:\"95%\", maxHeight:\"95%\",title: function(){ return jQuery(this).children().attr(\"alt\"); }, });\r\n\t});\r\n\/\/ ]]>\r\n<\/script>\n<figure class=\"gallery-item\">\n<div class=\"gallery-icon\">\r\n<a href=\"https:\/\/clg-bastie-velizy.ac-versailles.fr\/wp-content\/uploads\/sites\/174\/2021\/12\/WhatsApp-Image-2021-12-10-at-15.56.45-1.jpeg\" title=\"\" rel=\"gallery1\"><img loading=\"lazy\" decoding=\"async\" src=\"https:\/\/clg-bastie-velizy.ac-versailles.fr\/wp-content\/uploads\/sites\/174\/2021\/12\/WhatsApp-Image-2021-12-10-at-15.56.45-1-150x150.jpeg\" width=\"150\" height=\"150\" alt=\"\" \/><\/a>\r\n<\/div><\/figure><figure class=\"gallery-item\">\n<div class=\"gallery-icon\">\r\n<a href=\"https:\/\/clg-bastie-velizy.ac-versailles.fr\/wp-content\/uploads\/sites\/174\/2021\/12\/WhatsApp-Image-2021-12-10-at-18.54.24-8.jpeg\" title=\"\" rel=\"gallery1\"><img loading=\"lazy\" decoding=\"async\" src=\"https:\/\/clg-bastie-velizy.ac-versailles.fr\/wp-content\/uploads\/sites\/174\/2021\/12\/WhatsApp-Image-2021-12-10-at-18.54.24-8-150x150.jpeg\" width=\"150\" height=\"150\" alt=\"\" \/><\/a>\r\n<\/div><\/figure><figure class=\"gallery-item\">\n<div class=\"gallery-icon\">\r\n<a href=\"https:\/\/clg-bastie-velizy.ac-versailles.fr\/wp-content\/uploads\/sites\/174\/2021\/12\/WhatsApp-Image-2021-12-10-at-18.54.24-3.jpeg\" title=\"\" rel=\"gallery1\"><img loading=\"lazy\" decoding=\"async\" src=\"https:\/\/clg-bastie-velizy.ac-versailles.fr\/wp-content\/uploads\/sites\/174\/2021\/12\/WhatsApp-Image-2021-12-10-at-18.54.24-3-150x150.jpeg\" width=\"150\" height=\"150\" alt=\"\" \/><\/a>\r\n<\/div><\/figure><figure class=\"gallery-item\">\n<div class=\"gallery-icon\">\r\n<a href=\"https:\/\/clg-bastie-velizy.ac-versailles.fr\/wp-content\/uploads\/sites\/174\/2021\/12\/WhatsApp-Image-2021-12-10-at-18.54.25-2.jpeg\" title=\"\" rel=\"gallery1\"><img loading=\"lazy\" decoding=\"async\" src=\"https:\/\/clg-bastie-velizy.ac-versailles.fr\/wp-content\/uploads\/sites\/174\/2021\/12\/WhatsApp-Image-2021-12-10-at-18.54.25-2-150x150.jpeg\" width=\"150\" height=\"150\" alt=\"\" \/><\/a>\r\n<\/div><\/figure><figure class=\"gallery-item\">\n<div class=\"gallery-icon\">\r\n<a href=\"https:\/\/clg-bastie-velizy.ac-versailles.fr\/wp-content\/uploads\/sites\/174\/2021\/12\/WhatsApp-Image-2021-12-09-at-13.29.30-10.jpeg\" title=\"\" rel=\"gallery1\"><img loading=\"lazy\" decoding=\"async\" src=\"https:\/\/clg-bastie-velizy.ac-versailles.fr\/wp-content\/uploads\/sites\/174\/2021\/12\/WhatsApp-Image-2021-12-09-at-13.29.30-10-150x150.jpeg\" width=\"150\" height=\"150\" alt=\"\" \/><\/a>\r\n<\/div><\/figure><figure class=\"gallery-item\">\n<div class=\"gallery-icon\">\r\n<a href=\"https:\/\/clg-bastie-velizy.ac-versailles.fr\/wp-content\/uploads\/sites\/174\/2021\/12\/WhatsApp-Image-2021-12-10-at-18.54.24-5.jpeg\" title=\"\" rel=\"gallery1\"><img loading=\"lazy\" decoding=\"async\" src=\"https:\/\/clg-bastie-velizy.ac-versailles.fr\/wp-content\/uploads\/sites\/174\/2021\/12\/WhatsApp-Image-2021-12-10-at-18.54.24-5-150x150.jpeg\" width=\"150\" height=\"150\" alt=\"\" \/><\/a>\r\n<\/div><\/figure><figure class=\"gallery-item\">\n<div class=\"gallery-icon\">\r\n<a href=\"https:\/\/clg-bastie-velizy.ac-versailles.fr\/wp-content\/uploads\/sites\/174\/2021\/12\/WhatsApp-Image-2021-12-10-at-18.54.24-6.jpeg\" title=\"\" rel=\"gallery1\"><img loading=\"lazy\" decoding=\"async\" src=\"https:\/\/clg-bastie-velizy.ac-versailles.fr\/wp-content\/uploads\/sites\/174\/2021\/12\/WhatsApp-Image-2021-12-10-at-18.54.24-6-150x150.jpeg\" width=\"150\" height=\"150\" alt=\"\" \/><\/a>\r\n<\/div><\/figure><figure class=\"gallery-item\">\n<div class=\"gallery-icon\">\r\n<a href=\"https:\/\/clg-bastie-velizy.ac-versailles.fr\/wp-content\/uploads\/sites\/174\/2021\/12\/WhatsApp-Image-2021-12-10-at-18.54.25-5.jpeg\" title=\"\" rel=\"gallery1\"><img loading=\"lazy\" decoding=\"async\" src=\"https:\/\/clg-bastie-velizy.ac-versailles.fr\/wp-content\/uploads\/sites\/174\/2021\/12\/WhatsApp-Image-2021-12-10-at-18.54.25-5-150x150.jpeg\" width=\"150\" height=\"150\" alt=\"\" \/><\/a>\r\n<\/div><\/figure><figure class=\"gallery-item\">\n<div class=\"gallery-icon\">\r\n<a href=\"https:\/\/clg-bastie-velizy.ac-versailles.fr\/wp-content\/uploads\/sites\/174\/2021\/12\/WhatsApp-Image-2021-12-10-at-18.54.25.jpeg\" title=\"\" rel=\"gallery1\"><img loading=\"lazy\" decoding=\"async\" src=\"https:\/\/clg-bastie-velizy.ac-versailles.fr\/wp-content\/uploads\/sites\/174\/2021\/12\/WhatsApp-Image-2021-12-10-at-18.54.25-150x150.jpeg\" width=\"150\" height=\"150\" alt=\"\" \/><\/a>\r\n<\/div><\/figure><figure class=\"gallery-item\">\n<div class=\"gallery-icon\">\r\n<a href=\"https:\/\/clg-bastie-velizy.ac-versailles.fr\/wp-content\/uploads\/sites\/174\/2021\/12\/WhatsApp-Image-2021-12-10-at-18.54.23.jpeg\" title=\"\" rel=\"gallery1\"><img loading=\"lazy\" decoding=\"async\" src=\"https:\/\/clg-bastie-velizy.ac-versailles.fr\/wp-content\/uploads\/sites\/174\/2021\/12\/WhatsApp-Image-2021-12-10-at-18.54.23-150x150.jpeg\" width=\"150\" height=\"150\" alt=\"\" \/><\/a>\r\n<\/div><\/figure><figure class=\"gallery-item\">\n<div class=\"gallery-icon\">\r\n<a href=\"https:\/\/clg-bastie-velizy.ac-versailles.fr\/wp-content\/uploads\/sites\/174\/2021\/12\/WhatsApp-Image-2021-12-10-at-18.54.25-1.jpeg\" title=\"\" rel=\"gallery1\"><img loading=\"lazy\" decoding=\"async\" src=\"https:\/\/clg-bastie-velizy.ac-versailles.fr\/wp-content\/uploads\/sites\/174\/2021\/12\/WhatsApp-Image-2021-12-10-at-18.54.25-1-150x150.jpeg\" width=\"150\" height=\"150\" alt=\"\" \/><\/a>\r\n<\/div><\/figure><figure class=\"gallery-item\">\n<div class=\"gallery-icon\">\r\n<a href=\"https:\/\/clg-bastie-velizy.ac-versailles.fr\/wp-content\/uploads\/sites\/174\/2021\/12\/WhatsApp-Image-2021-12-10-at-15.57.47.jpeg\" title=\"\" rel=\"gallery1\"><img loading=\"lazy\" decoding=\"async\" src=\"https:\/\/clg-bastie-velizy.ac-versailles.fr\/wp-content\/uploads\/sites\/174\/2021\/12\/WhatsApp-Image-2021-12-10-at-15.57.47-150x150.jpeg\" width=\"150\" height=\"150\" alt=\"\" \/><\/a>\r\n<\/div><\/figure><figure class=\"gallery-item\">\n<div class=\"gallery-icon\">\r\n<a href=\"https:\/\/clg-bastie-velizy.ac-versailles.fr\/wp-content\/uploads\/sites\/174\/2021\/12\/WhatsApp-Image-2021-12-10-at-18.54.22-3.jpeg\" title=\"\" rel=\"gallery1\"><img loading=\"lazy\" decoding=\"async\" src=\"https:\/\/clg-bastie-velizy.ac-versailles.fr\/wp-content\/uploads\/sites\/174\/2021\/12\/WhatsApp-Image-2021-12-10-at-18.54.22-3-150x150.jpeg\" width=\"150\" height=\"150\" alt=\"\" \/><\/a>\r\n<\/div><\/figure><figure class=\"gallery-item\">\n<div class=\"gallery-icon\">\r\n<a href=\"https:\/\/clg-bastie-velizy.ac-versailles.fr\/wp-content\/uploads\/sites\/174\/2021\/12\/WhatsApp-Image-2021-12-10-at-18.54.24-1.jpeg\" title=\"\" rel=\"gallery1\"><img loading=\"lazy\" decoding=\"async\" src=\"https:\/\/clg-bastie-velizy.ac-versailles.fr\/wp-content\/uploads\/sites\/174\/2021\/12\/WhatsApp-Image-2021-12-10-at-18.54.24-1-150x150.jpeg\" width=\"150\" height=\"150\" alt=\"\" \/><\/a>\r\n<\/div><\/figure><figure class=\"gallery-item\">\n<div class=\"gallery-icon\">\r\n<a href=\"https:\/\/clg-bastie-velizy.ac-versailles.fr\/wp-content\/uploads\/sites\/174\/2021\/12\/WhatsApp-Image-2021-12-09-at-13.29.30-13.jpeg\" title=\"\" rel=\"gallery1\"><img loading=\"lazy\" decoding=\"async\" src=\"https:\/\/clg-bastie-velizy.ac-versailles.fr\/wp-content\/uploads\/sites\/174\/2021\/12\/WhatsApp-Image-2021-12-09-at-13.29.30-13-150x150.jpeg\" width=\"150\" height=\"150\" alt=\"\" \/><\/a>\r\n<\/div><\/figure><figure class=\"gallery-item\">\n<div class=\"gallery-icon\">\r\n<a href=\"https:\/\/clg-bastie-velizy.ac-versailles.fr\/wp-content\/uploads\/sites\/174\/2021\/12\/WhatsApp-Image-2021-12-09-at-13.29.30-14.jpeg\" title=\"\" rel=\"gallery1\"><img loading=\"lazy\" decoding=\"async\" src=\"https:\/\/clg-bastie-velizy.ac-versailles.fr\/wp-content\/uploads\/sites\/174\/2021\/12\/WhatsApp-Image-2021-12-09-at-13.29.30-14-150x150.jpeg\" width=\"150\" height=\"150\" alt=\"\" \/><\/a>\r\n<\/div><\/figure><figure class=\"gallery-item\">\n<div class=\"gallery-icon\">\r\n<a href=\"https:\/\/clg-bastie-velizy.ac-versailles.fr\/wp-content\/uploads\/sites\/174\/2021\/12\/WhatsApp-Image-2021-12-10-at-18.54.23-1.jpeg\" title=\"\" rel=\"gallery1\"><img loading=\"lazy\" decoding=\"async\" src=\"https:\/\/clg-bastie-velizy.ac-versailles.fr\/wp-content\/uploads\/sites\/174\/2021\/12\/WhatsApp-Image-2021-12-10-at-18.54.23-1-150x150.jpeg\" width=\"150\" height=\"150\" alt=\"\" \/><\/a>\r\n<\/div><\/figure><figure class=\"gallery-item\">\n<div class=\"gallery-icon\">\r\n<a href=\"https:\/\/clg-bastie-velizy.ac-versailles.fr\/wp-content\/uploads\/sites\/174\/2021\/12\/WhatsApp-Image-2021-12-10-at-18.54.22-1.jpeg\" title=\"\" rel=\"gallery1\"><img loading=\"lazy\" decoding=\"async\" src=\"https:\/\/clg-bastie-velizy.ac-versailles.fr\/wp-content\/uploads\/sites\/174\/2021\/12\/WhatsApp-Image-2021-12-10-at-18.54.22-1-150x150.jpeg\" width=\"150\" height=\"150\" alt=\"\" \/><\/a>\r\n<\/div><\/figure><figure class=\"gallery-item\">\n<div class=\"gallery-icon\">\r\n<a href=\"https:\/\/clg-bastie-velizy.ac-versailles.fr\/wp-content\/uploads\/sites\/174\/2021\/12\/WhatsApp-Image-2021-12-10-at-18.54.27.jpeg\" title=\"\" rel=\"gallery1\"><img loading=\"lazy\" decoding=\"async\" src=\"https:\/\/clg-bastie-velizy.ac-versailles.fr\/wp-content\/uploads\/sites\/174\/2021\/12\/WhatsApp-Image-2021-12-10-at-18.54.27-150x150.jpeg\" width=\"150\" height=\"150\" alt=\"\" \/><\/a>\r\n<\/div><\/figure><figure class=\"gallery-item\">\n<div class=\"gallery-icon\">\r\n<a href=\"https:\/\/clg-bastie-velizy.ac-versailles.fr\/wp-content\/uploads\/sites\/174\/2021\/12\/WhatsApp-Image-2021-12-10-at-18.54.26-2.jpeg\" title=\"\" rel=\"gallery1\"><img loading=\"lazy\" decoding=\"async\" src=\"https:\/\/clg-bastie-velizy.ac-versailles.fr\/wp-content\/uploads\/sites\/174\/2021\/12\/WhatsApp-Image-2021-12-10-at-18.54.26-2-150x150.jpeg\" width=\"150\" height=\"150\" alt=\"\" \/><\/a>\r\n<\/div><\/figure><figure class=\"gallery-item\">\n<div class=\"gallery-icon\">\r\n<a href=\"https:\/\/clg-bastie-velizy.ac-versailles.fr\/wp-content\/uploads\/sites\/174\/2021\/12\/WhatsApp-Image-2021-12-10-at-18.54.26-1.jpeg\" title=\"\" rel=\"gallery1\"><img loading=\"lazy\" decoding=\"async\" src=\"https:\/\/clg-bastie-velizy.ac-versailles.fr\/wp-content\/uploads\/sites\/174\/2021\/12\/WhatsApp-Image-2021-12-10-at-18.54.26-1-150x150.jpeg\" width=\"150\" height=\"150\" alt=\"\" \/><\/a>\r\n<\/div><\/figure><figure class=\"gallery-item\">\n<div class=\"gallery-icon\">\r\n<a href=\"https:\/\/clg-bastie-velizy.ac-versailles.fr\/wp-content\/uploads\/sites\/174\/2021\/12\/WhatsApp-Image-2021-12-10-at-15.57.47-1.jpeg\" title=\"\" rel=\"gallery1\"><img loading=\"lazy\" decoding=\"async\" src=\"https:\/\/clg-bastie-velizy.ac-versailles.fr\/wp-content\/uploads\/sites\/174\/2021\/12\/WhatsApp-Image-2021-12-10-at-15.57.47-1-150x150.jpeg\" width=\"150\" height=\"150\" alt=\"\" \/><\/a>\r\n<\/div><\/figure><figure class=\"gallery-item\">\n<div class=\"gallery-icon\">\r\n<a href=\"https:\/\/clg-bastie-velizy.ac-versailles.fr\/wp-content\/uploads\/sites\/174\/2021\/12\/WhatsApp-Image-2021-12-09-at-13.29.30-16.jpeg\" title=\"\" rel=\"gallery1\"><img loading=\"lazy\" decoding=\"async\" src=\"https:\/\/clg-bastie-velizy.ac-versailles.fr\/wp-content\/uploads\/sites\/174\/2021\/12\/WhatsApp-Image-2021-12-09-at-13.29.30-16-150x150.jpeg\" width=\"150\" height=\"150\" alt=\"\" \/><\/a>\r\n<\/div><\/figure><figure class=\"gallery-item\">\n<div class=\"gallery-icon\">\r\n<a href=\"https:\/\/clg-bastie-velizy.ac-versailles.fr\/wp-content\/uploads\/sites\/174\/2021\/12\/WhatsApp-Image-2021-12-10-at-15.56.45-2.jpeg\" title=\"\" rel=\"gallery1\"><img loading=\"lazy\" decoding=\"async\" src=\"https:\/\/clg-bastie-velizy.ac-versailles.fr\/wp-content\/uploads\/sites\/174\/2021\/12\/WhatsApp-Image-2021-12-10-at-15.56.45-2-150x150.jpeg\" width=\"150\" height=\"150\" alt=\"\" \/><\/a>\r\n<\/div><\/figure>\r\n\t\t<\/div>\n\n<p style=\"text-align: justify\">C&#8217;est en pr\u00e9sence de M. RICHEFORT, Conseiller municipal d\u00e9l\u00e9gu\u00e9 \u00e0 la Jeunesse et \u00e0 la Vie Etudiante, de M. N&#8217;DIOR, Conseiller municipal d\u00e9l\u00e9gu\u00e9 \u00e0 la Pr\u00e9vention, de M. DUSSART, Directeur du service municipal de la Jeunesse et de Mme VAPPEREAU, Conseill\u00e8re p\u00e9dagogique de la circonscription de l&#8217;ASH2, que professeurs et d\u00e9l\u00e9gu\u00e9s des \u00e9l\u00e8ves ont assist\u00e9 \u00e0 l&#8217;inauguration de l&#8217;exposition r\u00e9alis\u00e9e par nos coll\u00e9giens.<\/p>\n<p style=\"text-align: justify\">Autour d&#8217;un buffet pr\u00e9par\u00e9 par les \u00e9l\u00e8ves de SEGPA &#8211; o\u00f9 les samossas et les pop cakes ont connu un grand succ\u00e8s &#8211;\u00a0 et leur professeure, Mme CHAJA\u00cf, chacun s&#8217;est impr\u00e9gn\u00e9 des \u0153uvres et affiches r\u00e9alis\u00e9es par les classes puis a particip\u00e9 \u00e0 un escape game sur la la\u00efcit\u00e9.<\/p>\n\n\t\t<div id='gallery-2' class='gallery galleryid-5449 gallery-columns-8 gallery-size-thumbnail gallery1'><script type=\"text\/javascript\">\r\n\/\/ <![CDATA[\r\n\tjQuery(document).ready(function () {\r\n\t\tjQuery(\".gallery1 a\").attr(\"rel\",\"gallery1\");\t\r\n\t\tjQuery('a[rel=\"gallery1\"]').colorbox({maxWidth:\"95%\", maxHeight:\"95%\",title: function(){ return jQuery(this).children().attr(\"alt\"); }, });\r\n\t});\r\n\/\/ ]]>\r\n<\/script>\n<figure class=\"gallery-item\">\n<div class=\"gallery-icon\">\r\n<a href=\"https:\/\/clg-bastie-velizy.ac-versailles.fr\/wp-content\/uploads\/sites\/174\/2021\/12\/WhatsApp-Image-2021-12-10-at-20.34.40.jpeg\" title=\"\" rel=\"gallery1\"><img loading=\"lazy\" decoding=\"async\" src=\"https:\/\/clg-bastie-velizy.ac-versailles.fr\/wp-content\/uploads\/sites\/174\/2021\/12\/WhatsApp-Image-2021-12-10-at-20.34.40-150x150.jpeg\" width=\"150\" height=\"150\" alt=\"\" \/><\/a>\r\n<\/div><\/figure><figure class=\"gallery-item\">\n<div class=\"gallery-icon\">\r\n<a href=\"https:\/\/clg-bastie-velizy.ac-versailles.fr\/wp-content\/uploads\/sites\/174\/2021\/12\/WhatsApp-Image-2021-12-10-at-15.56.44.jpeg\" title=\"\" rel=\"gallery1\"><img loading=\"lazy\" decoding=\"async\" src=\"https:\/\/clg-bastie-velizy.ac-versailles.fr\/wp-content\/uploads\/sites\/174\/2021\/12\/WhatsApp-Image-2021-12-10-at-15.56.44-150x150.jpeg\" width=\"150\" height=\"150\" alt=\"\" \/><\/a>\r\n<\/div><\/figure><figure class=\"gallery-item\">\n<div class=\"gallery-icon\">\r\n<a href=\"https:\/\/clg-bastie-velizy.ac-versailles.fr\/wp-content\/uploads\/sites\/174\/2021\/12\/WhatsApp-Image-2021-12-09-at-13.29.30-3.jpeg\" title=\"\" rel=\"gallery1\"><img loading=\"lazy\" decoding=\"async\" src=\"https:\/\/clg-bastie-velizy.ac-versailles.fr\/wp-content\/uploads\/sites\/174\/2021\/12\/WhatsApp-Image-2021-12-09-at-13.29.30-3-150x150.jpeg\" width=\"150\" height=\"150\" alt=\"\" \/><\/a>\r\n<\/div><\/figure><figure class=\"gallery-item\">\n<div class=\"gallery-icon\">\r\n<a href=\"https:\/\/clg-bastie-velizy.ac-versailles.fr\/wp-content\/uploads\/sites\/174\/2021\/12\/WhatsApp-Image-2021-12-10-at-18.54.23-2.jpeg\" title=\"\" rel=\"gallery1\"><img loading=\"lazy\" decoding=\"async\" src=\"https:\/\/clg-bastie-velizy.ac-versailles.fr\/wp-content\/uploads\/sites\/174\/2021\/12\/WhatsApp-Image-2021-12-10-at-18.54.23-2-150x150.jpeg\" width=\"150\" height=\"150\" alt=\"\" \/><\/a>\r\n<\/div><\/figure><figure class=\"gallery-item\">\n<div class=\"gallery-icon\">\r\n<a href=\"https:\/\/clg-bastie-velizy.ac-versailles.fr\/wp-content\/uploads\/sites\/174\/2021\/12\/WhatsApp-Image-2021-12-10-at-20.35.20.jpeg\" title=\"\" rel=\"gallery1\"><img loading=\"lazy\" decoding=\"async\" src=\"https:\/\/clg-bastie-velizy.ac-versailles.fr\/wp-content\/uploads\/sites\/174\/2021\/12\/WhatsApp-Image-2021-12-10-at-20.35.20-150x150.jpeg\" width=\"150\" height=\"150\" alt=\"\" \/><\/a>\r\n<\/div><\/figure><figure class=\"gallery-item\">\n<div class=\"gallery-icon\">\r\n<a href=\"https:\/\/clg-bastie-velizy.ac-versailles.fr\/wp-content\/uploads\/sites\/174\/2021\/12\/WhatsApp-Image-2021-12-10-at-20.36.41.jpeg\" title=\"\" rel=\"gallery1\"><img loading=\"lazy\" decoding=\"async\" src=\"https:\/\/clg-bastie-velizy.ac-versailles.fr\/wp-content\/uploads\/sites\/174\/2021\/12\/WhatsApp-Image-2021-12-10-at-20.36.41-150x150.jpeg\" width=\"150\" height=\"150\" alt=\"\" \/><\/a>\r\n<\/div><\/figure><figure class=\"gallery-item\">\n<div class=\"gallery-icon\">\r\n<a href=\"https:\/\/clg-bastie-velizy.ac-versailles.fr\/wp-content\/uploads\/sites\/174\/2021\/12\/WhatsApp-Image-2021-12-10-at-20.36.10.jpeg\" title=\"\" rel=\"gallery1\"><img loading=\"lazy\" decoding=\"async\" src=\"https:\/\/clg-bastie-velizy.ac-versailles.fr\/wp-content\/uploads\/sites\/174\/2021\/12\/WhatsApp-Image-2021-12-10-at-20.36.10-150x150.jpeg\" width=\"150\" height=\"150\" alt=\"\" \/><\/a>\r\n<\/div><\/figure><figure class=\"gallery-item\">\n<div class=\"gallery-icon\">\r\n<a href=\"https:\/\/clg-bastie-velizy.ac-versailles.fr\/wp-content\/uploads\/sites\/174\/2021\/12\/WhatsApp-Image-2021-12-10-at-20.37.07.jpeg\" title=\"\" rel=\"gallery1\"><img loading=\"lazy\" decoding=\"async\" src=\"https:\/\/clg-bastie-velizy.ac-versailles.fr\/wp-content\/uploads\/sites\/174\/2021\/12\/WhatsApp-Image-2021-12-10-at-20.37.07-150x150.jpeg\" width=\"150\" height=\"150\" alt=\"\" \/><\/a>\r\n<\/div><\/figure>\r\n\t\t<\/div>\n\n<p><iframe class=\"wp-embedded-content\" sandbox=\"allow-scripts\" security=\"restricted\" title=\"Escape game La\u00efcit\u00e9\" frameborder='0' width='1200' height='675' src='https:\/\/view.genial.ly\/5fb2b1974438070d07a7ca66#?secret=zrl0eXK0ms' data-secret='zrl0eXK0ms' scrolling='yes'><\/iframe><\/p>\n<!--[if lt IE 9]><script>document.createElement('video');<\/script><![endif]-->\n\t<div class=\"wp-playlist wp-video-playlist wp-playlist-light\">\n\t\t<video controls=\"controls\" preload=\"none\" width=\"618\"\n\t\t height=\"343\"\t><\/video>\n\t<div class=\"wp-playlist-next\"><\/div>\n\t<div class=\"wp-playlist-prev\"><\/div>\n\t<noscript>\n\t<ol>\n\t\t<li><a href='https:\/\/clg-bastie-velizy.ac-versailles.fr\/wp-content\/uploads\/sites\/174\/2021\/12\/Preparation-de-la-Journee-de-la-Laicite-par-les-4eme-et-3eme-SEGPA.mp4'>Pr\u00e9paration de la Journ\u00e9e de la La\u00efcit\u00e9 par les 4\u00e8me et 3\u00e8me SEGPA<\/a><\/li>\t<\/ol>\n\t<\/noscript>\n\t<script type=\"application\/json\" class=\"wp-playlist-script\">{\"type\":\"video\",\"tracklist\":true,\"tracknumbers\":true,\"images\":true,\"artists\":true,\"tracks\":[{\"src\":\"https:\\\/\\\/clg-bastie-velizy.ac-versailles.fr\\\/wp-content\\\/uploads\\\/sites\\\/174\\\/2021\\\/12\\\/Preparation-de-la-Journee-de-la-Laicite-par-les-4eme-et-3eme-SEGPA.mp4\",\"type\":\"video\\\/mp4\",\"title\":\"Pr\\u00e9paration de la Journ\\u00e9e de la La\\u00efcit\\u00e9 par les 4\\u00e8me et 3\\u00e8me SEGPA\",\"caption\":\"\",\"description\":\"\",\"meta\":{\"length_formatted\":\"2:42\"},\"dimensions\":{\"original\":{\"width\":720,\"height\":400},\"resized\":{\"width\":618,\"height\":343}},\"image\":{\"src\":\"https:\\\/\\\/clg-bastie-velizy.ac-versailles.fr\\\/wp-includes\\\/images\\\/media\\\/video.svg\",\"width\":48,\"height\":64},\"thumb\":{\"src\":\"https:\\\/\\\/clg-bastie-velizy.ac-versailles.fr\\\/wp-includes\\\/images\\\/media\\\/video.svg\",\"width\":48,\"height\":64}}]}<\/script>\n<\/div>\n\t\n","protected":false},"excerpt":{"rendered":"<p>Le 9 d\u00e9cembre, nos coll\u00e9giens, l&#8217;\u00e9quipe \u00e9ducative et leurs invit\u00e9s ont c\u00e9l\u00e9br\u00e9 l&#8217;anniversaire de la loi de 1905. Le principe de la\u00efcit\u00e9 est au c\u0153ur des valeurs de la R\u00e9publique que l&#8217;ensemble des personnels ont pour mission de transmettre aux \u00e9l\u00e8ves. Cette journ\u00e9e a donc \u00e9t\u00e9 pr\u00e9par\u00e9e de longue date \u00e0 travers des projets instructifs, [&hellip;]<\/p>\n","protected":false},"author":1127,"featured_media":5478,"comment_status":"closed","ping_status":"closed","sticky":false,"template":"","format":"standard","meta":{"footnotes":""},"categories":[25],"tags":[],"class_list":["post-5449","post","type-post","status-publish","format-standard","has-post-thumbnail","hentry","category-vie-administrative"],"_links":{"self":[{"href":"https:\/\/clg-bastie-velizy.ac-versailles.fr\/index.php?rest_route=\/wp\/v2\/posts\/5449","targetHints":{"allow":["GET"]}}],"collection":[{"href":"https:\/\/clg-bastie-velizy.ac-versailles.fr\/index.php?rest_route=\/wp\/v2\/posts"}],"about":[{"href":"https:\/\/clg-bastie-velizy.ac-versailles.fr\/index.php?rest_route=\/wp\/v2\/types\/post"}],"author":[{"embeddable":true,"href":"https:\/\/clg-bastie-velizy.ac-versailles.fr\/index.php?rest_route=\/wp\/v2\/users\/1127"}],"replies":[{"embeddable":true,"href":"https:\/\/clg-bastie-velizy.ac-versailles.fr\/index.php?rest_route=%2Fwp%2Fv2%2Fcomments&post=5449"}],"version-history":[{"count":6,"href":"https:\/\/clg-bastie-velizy.ac-versailles.fr\/index.php?rest_route=\/wp\/v2\/posts\/5449\/revisions"}],"predecessor-version":[{"id":5451,"href":"https:\/\/clg-bastie-velizy.ac-versailles.fr\/index.php?rest_route=\/wp\/v2\/posts\/5449\/revisions\/5451"}],"wp:featuredmedia":[{"embeddable":true,"href":"https:\/\/clg-bastie-velizy.ac-versailles.fr\/index.php?rest_route=\/wp\/v2\/media\/5478"}],"wp:attachment":[{"href":"https:\/\/clg-bastie-velizy.ac-versailles.fr\/index.php?rest_route=%2Fwp%2Fv2%2Fmedia&parent=5449"}],"wp:term":[{"taxonomy":"category","embeddable":true,"href":"https:\/\/clg-bastie-velizy.ac-versailles.fr\/index.php?rest_route=%2Fwp%2Fv2%2Fcategories&post=5449"},{"taxonomy":"post_tag","embeddable":true,"href":"https:\/\/clg-bastie-velizy.ac-versailles.fr\/index.php?rest_route=%2Fwp%2Fv2%2Ftags&post=5449"}],"curies":[{"name":"wp","href":"https:\/\/api.w.org\/{rel}","templated":true}]}}