{"id":4488,"date":"2019-09-19T19:41:41","date_gmt":"2019-09-19T17:41:41","guid":{"rendered":"http:\/\/www.clg-bastie-velizy.ac-versailles.fr\/?p=4488"},"modified":"2019-10-01T21:37:11","modified_gmt":"2019-10-01T19:37:11","slug":"versailles-je-taime-a-la-folie","status":"publish","type":"post","link":"https:\/\/clg-bastie-velizy.ac-versailles.fr\/?p=4488","title":{"rendered":"Versailles je t&#8217;aime&#8230; \u00e0 la folie"},"content":{"rendered":"<p style=\"text-align: justify\">Journ\u00e9e exceptionnelle en ce jeudi 19 septembre 2019 pour les \u00e9l\u00e8ves de 5<sup>\u00e8me<\/sup>. Louis XIV, son Ch\u00e2teau de Versailles, ses \u00e9curies et ses jardins leur ont ouvert leurs portes et se sont offerts \u00e0 eux. Plusieurs visites et ateliers ont ainsi \u00e9maill\u00e9 cette journ\u00e9e.<\/p>\n\n\t\t<div id='gallery-1' class='gallery galleryid-4488 gallery-columns-4 gallery-size-thumbnail gallery1'><script type=\"text\/javascript\">\r\n\/\/ <![CDATA[\r\n\tjQuery(document).ready(function () {\r\n\t\tjQuery(\".gallery1 a\").attr(\"rel\",\"gallery1\");\t\r\n\t\tjQuery('a[rel=\"gallery1\"]').colorbox({maxWidth:\"95%\", maxHeight:\"95%\",title: function(){ return jQuery(this).children().attr(\"alt\"); }, });\r\n\t});\r\n\/\/ ]]>\r\n<\/script>\n<figure class=\"gallery-item\">\n<div class=\"gallery-icon\">\r\n<a href=\"https:\/\/clg-bastie-velizy.ac-versailles.fr\/wp-content\/uploads\/sites\/174\/2019\/09\/WhatsApp-Image-2019-09-19-at-16.02.43.jpeg\" title=\"\" rel=\"gallery1\"><img loading=\"lazy\" decoding=\"async\" src=\"https:\/\/clg-bastie-velizy.ac-versailles.fr\/wp-content\/uploads\/sites\/174\/2019\/09\/WhatsApp-Image-2019-09-19-at-16.02.43-150x150.jpeg\" width=\"150\" height=\"150\" alt=\"\" \/><\/a>\r\n<\/div><\/figure><figure class=\"gallery-item\">\n<div class=\"gallery-icon\">\r\n<a href=\"https:\/\/clg-bastie-velizy.ac-versailles.fr\/wp-content\/uploads\/sites\/174\/2019\/09\/WhatsApp-Image-2019-09-19-at-16.02.47.jpeg\" title=\"\" rel=\"gallery1\"><img loading=\"lazy\" decoding=\"async\" src=\"https:\/\/clg-bastie-velizy.ac-versailles.fr\/wp-content\/uploads\/sites\/174\/2019\/09\/WhatsApp-Image-2019-09-19-at-16.02.47-150x150.jpeg\" width=\"150\" height=\"150\" alt=\"\" \/><\/a>\r\n<\/div><\/figure><figure class=\"gallery-item\">\n<div class=\"gallery-icon\">\r\n<a href=\"https:\/\/clg-bastie-velizy.ac-versailles.fr\/wp-content\/uploads\/sites\/174\/2019\/09\/WhatsApp-Image-2019-09-19-at-16.02.58.jpeg\" title=\"\" rel=\"gallery1\"><img loading=\"lazy\" decoding=\"async\" src=\"https:\/\/clg-bastie-velizy.ac-versailles.fr\/wp-content\/uploads\/sites\/174\/2019\/09\/WhatsApp-Image-2019-09-19-at-16.02.58-150x150.jpeg\" width=\"150\" height=\"150\" alt=\"\" \/><\/a>\r\n<\/div><\/figure><figure class=\"gallery-item\">\n<div class=\"gallery-icon\">\r\n<a href=\"https:\/\/clg-bastie-velizy.ac-versailles.fr\/wp-content\/uploads\/sites\/174\/2019\/09\/WhatsApp-Image-2019-09-19-at-16.02.46.jpeg\" title=\"\" rel=\"gallery1\"><img loading=\"lazy\" decoding=\"async\" src=\"https:\/\/clg-bastie-velizy.ac-versailles.fr\/wp-content\/uploads\/sites\/174\/2019\/09\/WhatsApp-Image-2019-09-19-at-16.02.46-150x150.jpeg\" width=\"150\" height=\"150\" alt=\"\" \/><\/a>\r\n<\/div><\/figure><figure class=\"gallery-item\">\n<div class=\"gallery-icon\">\r\n<a href=\"https:\/\/clg-bastie-velizy.ac-versailles.fr\/wp-content\/uploads\/sites\/174\/2019\/09\/WhatsApp-Image-2019-09-22-at-18.47.26.jpeg\" title=\"\" rel=\"gallery1\"><img loading=\"lazy\" decoding=\"async\" src=\"https:\/\/clg-bastie-velizy.ac-versailles.fr\/wp-content\/uploads\/sites\/174\/2019\/09\/WhatsApp-Image-2019-09-22-at-18.47.26-150x150.jpeg\" width=\"150\" height=\"150\" alt=\"\" \/><\/a>\r\n<\/div><\/figure><figure class=\"gallery-item\">\n<div class=\"gallery-icon\">\r\n<a href=\"https:\/\/clg-bastie-velizy.ac-versailles.fr\/wp-content\/uploads\/sites\/174\/2019\/09\/WhatsApp-Image-2019-09-22-at-18.47.26-1.jpeg\" title=\"\" rel=\"gallery1\"><img loading=\"lazy\" decoding=\"async\" src=\"https:\/\/clg-bastie-velizy.ac-versailles.fr\/wp-content\/uploads\/sites\/174\/2019\/09\/WhatsApp-Image-2019-09-22-at-18.47.26-1-150x150.jpeg\" width=\"150\" height=\"150\" alt=\"\" \/><\/a>\r\n<\/div><\/figure><figure class=\"gallery-item\">\n<div class=\"gallery-icon\">\r\n<a href=\"https:\/\/clg-bastie-velizy.ac-versailles.fr\/wp-content\/uploads\/sites\/174\/2019\/09\/WhatsApp-Image-2019-10-01-at-16.27.32-4.jpeg\" title=\"\" rel=\"gallery1\"><img loading=\"lazy\" decoding=\"async\" src=\"https:\/\/clg-bastie-velizy.ac-versailles.fr\/wp-content\/uploads\/sites\/174\/2019\/09\/WhatsApp-Image-2019-10-01-at-16.27.32-4-150x150.jpeg\" width=\"150\" height=\"150\" alt=\"\" \/><\/a>\r\n<\/div><\/figure><figure class=\"gallery-item\">\n<div class=\"gallery-icon\">\r\n<a href=\"https:\/\/clg-bastie-velizy.ac-versailles.fr\/wp-content\/uploads\/sites\/174\/2019\/09\/WhatsApp-Image-2019-10-01-at-16.27.33.jpeg\" title=\"\" rel=\"gallery1\"><img loading=\"lazy\" decoding=\"async\" src=\"https:\/\/clg-bastie-velizy.ac-versailles.fr\/wp-content\/uploads\/sites\/174\/2019\/09\/WhatsApp-Image-2019-10-01-at-16.27.33-150x150.jpeg\" width=\"150\" height=\"150\" alt=\"\" \/><\/a>\r\n<\/div><\/figure>\r\n\t\t<\/div>\n\n<p style=\"text-align: justify\">Mais comment imaginer se rendre \u00e0 Versailles ? En carrosse bien s\u00fbr. Certains ont donc eu le privil\u00e8ge de d\u00e9couvrir, dans les Grandes \u00c9curies, la collection de carrosses, chaises \u00e0 porteurs et luges que poss\u00e8de le Ch\u00e2teau de Versailles.<\/p>\n\n\t\t<div id='gallery-2' class='gallery galleryid-4488 gallery-columns-6 gallery-size-thumbnail gallery1'><script type=\"text\/javascript\">\r\n\/\/ <![CDATA[\r\n\tjQuery(document).ready(function () {\r\n\t\tjQuery(\".gallery1 a\").attr(\"rel\",\"gallery1\");\t\r\n\t\tjQuery('a[rel=\"gallery1\"]').colorbox({maxWidth:\"95%\", maxHeight:\"95%\",title: function(){ return jQuery(this).children().attr(\"alt\"); }, });\r\n\t});\r\n\/\/ ]]>\r\n<\/script>\n<figure class=\"gallery-item\">\n<div class=\"gallery-icon\">\r\n<a href=\"https:\/\/clg-bastie-velizy.ac-versailles.fr\/wp-content\/uploads\/sites\/174\/2019\/09\/WhatsApp-Image-2019-09-22-at-18.47.23-1.jpeg\" title=\"\" rel=\"gallery1\"><img loading=\"lazy\" decoding=\"async\" src=\"https:\/\/clg-bastie-velizy.ac-versailles.fr\/wp-content\/uploads\/sites\/174\/2019\/09\/WhatsApp-Image-2019-09-22-at-18.47.23-1-150x150.jpeg\" width=\"150\" height=\"150\" alt=\"\" \/><\/a>\r\n<\/div><\/figure><figure class=\"gallery-item\">\n<div class=\"gallery-icon\">\r\n<a href=\"https:\/\/clg-bastie-velizy.ac-versailles.fr\/wp-content\/uploads\/sites\/174\/2019\/09\/WhatsApp-Image-2019-09-22-at-18.47.23.jpeg\" title=\"\" rel=\"gallery1\"><img loading=\"lazy\" decoding=\"async\" src=\"https:\/\/clg-bastie-velizy.ac-versailles.fr\/wp-content\/uploads\/sites\/174\/2019\/09\/WhatsApp-Image-2019-09-22-at-18.47.23-150x150.jpeg\" width=\"150\" height=\"150\" alt=\"\" \/><\/a>\r\n<\/div><\/figure><figure class=\"gallery-item\">\n<div class=\"gallery-icon\">\r\n<a href=\"https:\/\/clg-bastie-velizy.ac-versailles.fr\/wp-content\/uploads\/sites\/174\/2019\/09\/WhatsApp-Image-2019-09-22-at-18.47.24-1.jpeg\" title=\"\" rel=\"gallery1\"><img loading=\"lazy\" decoding=\"async\" src=\"https:\/\/clg-bastie-velizy.ac-versailles.fr\/wp-content\/uploads\/sites\/174\/2019\/09\/WhatsApp-Image-2019-09-22-at-18.47.24-1-150x150.jpeg\" width=\"150\" height=\"150\" alt=\"\" \/><\/a>\r\n<\/div><\/figure><figure class=\"gallery-item\">\n<div class=\"gallery-icon\">\r\n<a href=\"https:\/\/clg-bastie-velizy.ac-versailles.fr\/wp-content\/uploads\/sites\/174\/2019\/09\/WhatsApp-Image-2019-09-22-at-18.47.25-9.jpeg\" title=\"\" rel=\"gallery1\"><img loading=\"lazy\" decoding=\"async\" src=\"https:\/\/clg-bastie-velizy.ac-versailles.fr\/wp-content\/uploads\/sites\/174\/2019\/09\/WhatsApp-Image-2019-09-22-at-18.47.25-9-150x150.jpeg\" width=\"150\" height=\"150\" alt=\"\" \/><\/a>\r\n<\/div><\/figure><figure class=\"gallery-item\">\n<div class=\"gallery-icon\">\r\n<a href=\"https:\/\/clg-bastie-velizy.ac-versailles.fr\/wp-content\/uploads\/sites\/174\/2019\/09\/WhatsApp-Image-2019-09-22-at-18.47.24.jpeg\" title=\"\" rel=\"gallery1\"><img loading=\"lazy\" decoding=\"async\" src=\"https:\/\/clg-bastie-velizy.ac-versailles.fr\/wp-content\/uploads\/sites\/174\/2019\/09\/WhatsApp-Image-2019-09-22-at-18.47.24-150x150.jpeg\" width=\"150\" height=\"150\" alt=\"\" \/><\/a>\r\n<\/div><\/figure><figure class=\"gallery-item\">\n<div class=\"gallery-icon\">\r\n<a href=\"https:\/\/clg-bastie-velizy.ac-versailles.fr\/wp-content\/uploads\/sites\/174\/2019\/09\/WhatsApp-Image-2019-09-22-at-18.47.24-2.jpeg\" title=\"\" rel=\"gallery1\"><img loading=\"lazy\" decoding=\"async\" src=\"https:\/\/clg-bastie-velizy.ac-versailles.fr\/wp-content\/uploads\/sites\/174\/2019\/09\/WhatsApp-Image-2019-09-22-at-18.47.24-2-150x150.jpeg\" width=\"150\" height=\"150\" alt=\"\" \/><\/a>\r\n<\/div><\/figure><figure class=\"gallery-item\">\n<div class=\"gallery-icon\">\r\n<a href=\"https:\/\/clg-bastie-velizy.ac-versailles.fr\/wp-content\/uploads\/sites\/174\/2019\/09\/WhatsApp-Image-2019-09-22-at-18.47.24-5.jpeg\" title=\"\" rel=\"gallery1\"><img loading=\"lazy\" decoding=\"async\" src=\"https:\/\/clg-bastie-velizy.ac-versailles.fr\/wp-content\/uploads\/sites\/174\/2019\/09\/WhatsApp-Image-2019-09-22-at-18.47.24-5-150x150.jpeg\" width=\"150\" height=\"150\" alt=\"\" \/><\/a>\r\n<\/div><\/figure><figure class=\"gallery-item\">\n<div class=\"gallery-icon\">\r\n<a href=\"https:\/\/clg-bastie-velizy.ac-versailles.fr\/wp-content\/uploads\/sites\/174\/2019\/09\/WhatsApp-Image-2019-09-22-at-18.47.25-7.jpeg\" title=\"\" rel=\"gallery1\"><img loading=\"lazy\" decoding=\"async\" src=\"https:\/\/clg-bastie-velizy.ac-versailles.fr\/wp-content\/uploads\/sites\/174\/2019\/09\/WhatsApp-Image-2019-09-22-at-18.47.25-7-150x150.jpeg\" width=\"150\" height=\"150\" alt=\"\" \/><\/a>\r\n<\/div><\/figure><figure class=\"gallery-item\">\n<div class=\"gallery-icon\">\r\n<a href=\"https:\/\/clg-bastie-velizy.ac-versailles.fr\/wp-content\/uploads\/sites\/174\/2019\/09\/WhatsApp-Image-2019-09-22-at-18.47.24-3.jpeg\" title=\"\" rel=\"gallery1\"><img loading=\"lazy\" decoding=\"async\" src=\"https:\/\/clg-bastie-velizy.ac-versailles.fr\/wp-content\/uploads\/sites\/174\/2019\/09\/WhatsApp-Image-2019-09-22-at-18.47.24-3-150x150.jpeg\" width=\"150\" height=\"150\" alt=\"\" \/><\/a>\r\n<\/div><\/figure><figure class=\"gallery-item\">\n<div class=\"gallery-icon\">\r\n<a href=\"https:\/\/clg-bastie-velizy.ac-versailles.fr\/wp-content\/uploads\/sites\/174\/2019\/09\/WhatsApp-Image-2019-09-22-at-18.47.25-6.jpeg\" title=\"\" rel=\"gallery1\"><img loading=\"lazy\" decoding=\"async\" src=\"https:\/\/clg-bastie-velizy.ac-versailles.fr\/wp-content\/uploads\/sites\/174\/2019\/09\/WhatsApp-Image-2019-09-22-at-18.47.25-6-150x150.jpeg\" width=\"150\" height=\"150\" alt=\"\" \/><\/a>\r\n<\/div><\/figure><figure class=\"gallery-item\">\n<div class=\"gallery-icon\">\r\n<a href=\"https:\/\/clg-bastie-velizy.ac-versailles.fr\/wp-content\/uploads\/sites\/174\/2019\/09\/WhatsApp-Image-2019-09-22-at-18.47.24-7.jpeg\" title=\"\" rel=\"gallery1\"><img loading=\"lazy\" decoding=\"async\" src=\"https:\/\/clg-bastie-velizy.ac-versailles.fr\/wp-content\/uploads\/sites\/174\/2019\/09\/WhatsApp-Image-2019-09-22-at-18.47.24-7-150x150.jpeg\" width=\"150\" height=\"150\" alt=\"\" \/><\/a>\r\n<\/div><\/figure><figure class=\"gallery-item\">\n<div class=\"gallery-icon\">\r\n<a href=\"https:\/\/clg-bastie-velizy.ac-versailles.fr\/wp-content\/uploads\/sites\/174\/2019\/09\/WhatsApp-Image-2019-09-22-at-18.47.24-6.jpeg\" title=\"\" rel=\"gallery1\"><img loading=\"lazy\" decoding=\"async\" src=\"https:\/\/clg-bastie-velizy.ac-versailles.fr\/wp-content\/uploads\/sites\/174\/2019\/09\/WhatsApp-Image-2019-09-22-at-18.47.24-6-150x150.jpeg\" width=\"150\" height=\"150\" alt=\"\" \/><\/a>\r\n<\/div><\/figure><figure class=\"gallery-item\">\n<div class=\"gallery-icon\">\r\n<a href=\"https:\/\/clg-bastie-velizy.ac-versailles.fr\/wp-content\/uploads\/sites\/174\/2019\/09\/WhatsApp-Image-2019-09-22-at-18.47.25.jpeg\" title=\"\" rel=\"gallery1\"><img loading=\"lazy\" decoding=\"async\" src=\"https:\/\/clg-bastie-velizy.ac-versailles.fr\/wp-content\/uploads\/sites\/174\/2019\/09\/WhatsApp-Image-2019-09-22-at-18.47.25-150x150.jpeg\" width=\"150\" height=\"150\" alt=\"\" \/><\/a>\r\n<\/div><\/figure><figure class=\"gallery-item\">\n<div class=\"gallery-icon\">\r\n<a href=\"https:\/\/clg-bastie-velizy.ac-versailles.fr\/wp-content\/uploads\/sites\/174\/2019\/09\/WhatsApp-Image-2019-09-22-at-18.47.24-8.jpeg\" title=\"\" rel=\"gallery1\"><img loading=\"lazy\" decoding=\"async\" src=\"https:\/\/clg-bastie-velizy.ac-versailles.fr\/wp-content\/uploads\/sites\/174\/2019\/09\/WhatsApp-Image-2019-09-22-at-18.47.24-8-150x150.jpeg\" width=\"150\" height=\"150\" alt=\"\" \/><\/a>\r\n<\/div><\/figure><figure class=\"gallery-item\">\n<div class=\"gallery-icon\">\r\n<a href=\"https:\/\/clg-bastie-velizy.ac-versailles.fr\/wp-content\/uploads\/sites\/174\/2019\/09\/WhatsApp-Image-2019-09-22-at-18.47.25-1.jpeg\" title=\"\" rel=\"gallery1\"><img loading=\"lazy\" decoding=\"async\" src=\"https:\/\/clg-bastie-velizy.ac-versailles.fr\/wp-content\/uploads\/sites\/174\/2019\/09\/WhatsApp-Image-2019-09-22-at-18.47.25-1-150x150.jpeg\" width=\"150\" height=\"150\" alt=\"\" \/><\/a>\r\n<\/div><\/figure><figure class=\"gallery-item\">\n<div class=\"gallery-icon\">\r\n<a href=\"https:\/\/clg-bastie-velizy.ac-versailles.fr\/wp-content\/uploads\/sites\/174\/2019\/09\/WhatsApp-Image-2019-09-22-at-18.47.25-3.jpeg\" title=\"\" rel=\"gallery1\"><img loading=\"lazy\" decoding=\"async\" src=\"https:\/\/clg-bastie-velizy.ac-versailles.fr\/wp-content\/uploads\/sites\/174\/2019\/09\/WhatsApp-Image-2019-09-22-at-18.47.25-3-150x150.jpeg\" width=\"150\" height=\"150\" alt=\"\" \/><\/a>\r\n<\/div><\/figure><figure class=\"gallery-item\">\n<div class=\"gallery-icon\">\r\n<a href=\"https:\/\/clg-bastie-velizy.ac-versailles.fr\/wp-content\/uploads\/sites\/174\/2019\/09\/WhatsApp-Image-2019-09-22-at-18.47.25-4.jpeg\" title=\"\" rel=\"gallery1\"><img loading=\"lazy\" decoding=\"async\" src=\"https:\/\/clg-bastie-velizy.ac-versailles.fr\/wp-content\/uploads\/sites\/174\/2019\/09\/WhatsApp-Image-2019-09-22-at-18.47.25-4-150x150.jpeg\" width=\"150\" height=\"150\" alt=\"\" \/><\/a>\r\n<\/div><\/figure><figure class=\"gallery-item\">\n<div class=\"gallery-icon\">\r\n<a href=\"https:\/\/clg-bastie-velizy.ac-versailles.fr\/wp-content\/uploads\/sites\/174\/2019\/09\/WhatsApp-Image-2019-09-22-at-18.47.25-5.jpeg\" title=\"\" rel=\"gallery1\"><img loading=\"lazy\" decoding=\"async\" src=\"https:\/\/clg-bastie-velizy.ac-versailles.fr\/wp-content\/uploads\/sites\/174\/2019\/09\/WhatsApp-Image-2019-09-22-at-18.47.25-5-150x150.jpeg\" width=\"150\" height=\"150\" alt=\"\" \/><\/a>\r\n<\/div><\/figure>\r\n\t\t<\/div>\n\n<p style=\"text-align: justify\">Et puis comment imaginer venir \u00e0 Versailles sans arpenter les fabuleux jardins royaux ? Promenade libre, visite guid\u00e9e sur la domestication de la nature, jeu de piste ou pique-nique, chacun a pu profiter de ce panorama exceptionnel que le monde entier admire.<\/p>\n\n\t\t<div id='gallery-3' class='gallery galleryid-4488 gallery-columns-6 gallery-size-thumbnail gallery1'><script type=\"text\/javascript\">\r\n\/\/ <![CDATA[\r\n\tjQuery(document).ready(function () {\r\n\t\tjQuery(\".gallery1 a\").attr(\"rel\",\"gallery1\");\t\r\n\t\tjQuery('a[rel=\"gallery1\"]').colorbox({maxWidth:\"95%\", maxHeight:\"95%\",title: function(){ return jQuery(this).children().attr(\"alt\"); }, });\r\n\t});\r\n\/\/ ]]>\r\n<\/script>\n<figure class=\"gallery-item\">\n<div class=\"gallery-icon\">\r\n<a href=\"https:\/\/clg-bastie-velizy.ac-versailles.fr\/wp-content\/uploads\/sites\/174\/2019\/09\/WhatsApp-Image-2019-09-19-at-16.55.46-1.jpeg\" title=\"\" rel=\"gallery1\"><img loading=\"lazy\" decoding=\"async\" src=\"https:\/\/clg-bastie-velizy.ac-versailles.fr\/wp-content\/uploads\/sites\/174\/2019\/09\/WhatsApp-Image-2019-09-19-at-16.55.46-1-150x150.jpeg\" width=\"150\" height=\"150\" alt=\"\" \/><\/a>\r\n<\/div><\/figure><figure class=\"gallery-item\">\n<div class=\"gallery-icon\">\r\n<a href=\"https:\/\/clg-bastie-velizy.ac-versailles.fr\/wp-content\/uploads\/sites\/174\/2019\/09\/WhatsApp-Image-2019-09-19-at-16.55.47.jpeg\" title=\"\" rel=\"gallery1\"><img loading=\"lazy\" decoding=\"async\" src=\"https:\/\/clg-bastie-velizy.ac-versailles.fr\/wp-content\/uploads\/sites\/174\/2019\/09\/WhatsApp-Image-2019-09-19-at-16.55.47-150x150.jpeg\" width=\"150\" height=\"150\" alt=\"\" \/><\/a>\r\n<\/div><\/figure><figure class=\"gallery-item\">\n<div class=\"gallery-icon\">\r\n<a href=\"https:\/\/clg-bastie-velizy.ac-versailles.fr\/wp-content\/uploads\/sites\/174\/2019\/09\/WhatsApp-Image-2019-09-19-at-16.55.46.jpeg\" title=\"\" rel=\"gallery1\"><img loading=\"lazy\" decoding=\"async\" src=\"https:\/\/clg-bastie-velizy.ac-versailles.fr\/wp-content\/uploads\/sites\/174\/2019\/09\/WhatsApp-Image-2019-09-19-at-16.55.46-150x150.jpeg\" width=\"150\" height=\"150\" alt=\"\" \/><\/a>\r\n<\/div><\/figure><figure class=\"gallery-item\">\n<div class=\"gallery-icon\">\r\n<a href=\"https:\/\/clg-bastie-velizy.ac-versailles.fr\/wp-content\/uploads\/sites\/174\/2019\/09\/WhatsApp-Image-2019-09-19-at-16.02.10.jpeg\" title=\"\" rel=\"gallery1\"><img loading=\"lazy\" decoding=\"async\" src=\"https:\/\/clg-bastie-velizy.ac-versailles.fr\/wp-content\/uploads\/sites\/174\/2019\/09\/WhatsApp-Image-2019-09-19-at-16.02.10-150x150.jpeg\" width=\"150\" height=\"150\" alt=\"\" \/><\/a>\r\n<\/div><\/figure><figure class=\"gallery-item\">\n<div class=\"gallery-icon\">\r\n<a href=\"https:\/\/clg-bastie-velizy.ac-versailles.fr\/wp-content\/uploads\/sites\/174\/2019\/09\/WhatsApp-Image-2019-09-19-at-16.02.16.jpeg\" title=\"\" rel=\"gallery1\"><img loading=\"lazy\" decoding=\"async\" src=\"https:\/\/clg-bastie-velizy.ac-versailles.fr\/wp-content\/uploads\/sites\/174\/2019\/09\/WhatsApp-Image-2019-09-19-at-16.02.16-150x150.jpeg\" width=\"150\" height=\"150\" alt=\"\" \/><\/a>\r\n<\/div><\/figure><figure class=\"gallery-item\">\n<div class=\"gallery-icon\">\r\n<a href=\"https:\/\/clg-bastie-velizy.ac-versailles.fr\/wp-content\/uploads\/sites\/174\/2019\/09\/WhatsApp-Image-2019-09-19-at-16.02.18-1.jpeg\" title=\"\" rel=\"gallery1\"><img loading=\"lazy\" decoding=\"async\" src=\"https:\/\/clg-bastie-velizy.ac-versailles.fr\/wp-content\/uploads\/sites\/174\/2019\/09\/WhatsApp-Image-2019-09-19-at-16.02.18-1-150x150.jpeg\" width=\"150\" height=\"150\" alt=\"\" \/><\/a>\r\n<\/div><\/figure><figure class=\"gallery-item\">\n<div class=\"gallery-icon\">\r\n<a href=\"https:\/\/clg-bastie-velizy.ac-versailles.fr\/wp-content\/uploads\/sites\/174\/2019\/09\/WhatsApp-Image-2019-09-19-at-16.02.18.jpeg\" title=\"\" rel=\"gallery1\"><img loading=\"lazy\" decoding=\"async\" src=\"https:\/\/clg-bastie-velizy.ac-versailles.fr\/wp-content\/uploads\/sites\/174\/2019\/09\/WhatsApp-Image-2019-09-19-at-16.02.18-150x150.jpeg\" width=\"150\" height=\"150\" alt=\"\" \/><\/a>\r\n<\/div><\/figure><figure class=\"gallery-item\">\n<div class=\"gallery-icon\">\r\n<a href=\"https:\/\/clg-bastie-velizy.ac-versailles.fr\/wp-content\/uploads\/sites\/174\/2019\/09\/WhatsApp-Image-2019-10-01-at-16.27.29.jpeg\" title=\"\" rel=\"gallery1\"><img loading=\"lazy\" decoding=\"async\" src=\"https:\/\/clg-bastie-velizy.ac-versailles.fr\/wp-content\/uploads\/sites\/174\/2019\/09\/WhatsApp-Image-2019-10-01-at-16.27.29-150x150.jpeg\" width=\"150\" height=\"150\" alt=\"\" \/><\/a>\r\n<\/div><\/figure><figure class=\"gallery-item\">\n<div class=\"gallery-icon\">\r\n<a href=\"https:\/\/clg-bastie-velizy.ac-versailles.fr\/wp-content\/uploads\/sites\/174\/2019\/09\/WhatsApp-Image-2019-10-01-at-16.27.30.jpeg\" title=\"\" rel=\"gallery1\"><img loading=\"lazy\" decoding=\"async\" src=\"https:\/\/clg-bastie-velizy.ac-versailles.fr\/wp-content\/uploads\/sites\/174\/2019\/09\/WhatsApp-Image-2019-10-01-at-16.27.30-150x150.jpeg\" width=\"150\" height=\"150\" alt=\"\" \/><\/a>\r\n<\/div><\/figure><figure class=\"gallery-item\">\n<div class=\"gallery-icon\">\r\n<a href=\"https:\/\/clg-bastie-velizy.ac-versailles.fr\/wp-content\/uploads\/sites\/174\/2019\/09\/WhatsApp-Image-2019-10-01-at-16.27.31-3.jpeg\" title=\"\" rel=\"gallery1\"><img loading=\"lazy\" decoding=\"async\" src=\"https:\/\/clg-bastie-velizy.ac-versailles.fr\/wp-content\/uploads\/sites\/174\/2019\/09\/WhatsApp-Image-2019-10-01-at-16.27.31-3-150x150.jpeg\" width=\"150\" height=\"150\" alt=\"\" \/><\/a>\r\n<\/div><\/figure><figure class=\"gallery-item\">\n<div class=\"gallery-icon\">\r\n<a href=\"https:\/\/clg-bastie-velizy.ac-versailles.fr\/wp-content\/uploads\/sites\/174\/2019\/09\/WhatsApp-Image-2019-10-01-at-16.27.32-2.jpeg\" title=\"\" rel=\"gallery1\"><img loading=\"lazy\" decoding=\"async\" src=\"https:\/\/clg-bastie-velizy.ac-versailles.fr\/wp-content\/uploads\/sites\/174\/2019\/09\/WhatsApp-Image-2019-10-01-at-16.27.32-2-150x150.jpeg\" width=\"150\" height=\"150\" alt=\"\" \/><\/a>\r\n<\/div><\/figure><figure class=\"gallery-item\">\n<div class=\"gallery-icon\">\r\n<a href=\"https:\/\/clg-bastie-velizy.ac-versailles.fr\/wp-content\/uploads\/sites\/174\/2019\/09\/WhatsApp-Image-2019-10-01-at-16.27.31-4.jpeg\" title=\"\" rel=\"gallery1\"><img loading=\"lazy\" decoding=\"async\" src=\"https:\/\/clg-bastie-velizy.ac-versailles.fr\/wp-content\/uploads\/sites\/174\/2019\/09\/WhatsApp-Image-2019-10-01-at-16.27.31-4-150x150.jpeg\" width=\"150\" height=\"150\" alt=\"\" \/><\/a>\r\n<\/div><\/figure>\r\n\t\t<\/div>\n\n<p style=\"text-align: justify\">Enfin, comment imaginer une journ\u00e9e \u00e0 Versailles sans divertissement ? Plusieurs groupes ont b\u00e9n\u00e9fici\u00e9 d\u2019un atelier intitul\u00e9 \u00ab Illustre Th\u00e9\u00e2tre \u00bb en hommage \u00e0 Moli\u00e8re.<\/p>\n\n\t\t<div id='gallery-4' class='gallery galleryid-4488 gallery-columns-6 gallery-size-thumbnail gallery1'><script type=\"text\/javascript\">\r\n\/\/ <![CDATA[\r\n\tjQuery(document).ready(function () {\r\n\t\tjQuery(\".gallery1 a\").attr(\"rel\",\"gallery1\");\t\r\n\t\tjQuery('a[rel=\"gallery1\"]').colorbox({maxWidth:\"95%\", maxHeight:\"95%\",title: function(){ return jQuery(this).children().attr(\"alt\"); }, });\r\n\t});\r\n\/\/ ]]>\r\n<\/script>\n<figure class=\"gallery-item\">\n<div class=\"gallery-icon\">\r\n<a href=\"https:\/\/clg-bastie-velizy.ac-versailles.fr\/wp-content\/uploads\/sites\/174\/2019\/09\/WhatsApp-Image-2019-09-19-at-16.01.29.jpeg\" title=\"\" rel=\"gallery1\"><img loading=\"lazy\" decoding=\"async\" src=\"https:\/\/clg-bastie-velizy.ac-versailles.fr\/wp-content\/uploads\/sites\/174\/2019\/09\/WhatsApp-Image-2019-09-19-at-16.01.29-150x150.jpeg\" width=\"150\" height=\"150\" alt=\"\" \/><\/a>\r\n<\/div><\/figure><figure class=\"gallery-item\">\n<div class=\"gallery-icon\">\r\n<a href=\"https:\/\/clg-bastie-velizy.ac-versailles.fr\/wp-content\/uploads\/sites\/174\/2019\/09\/WhatsApp-Image-2019-09-19-at-16.01.59-1.jpeg\" title=\"\" rel=\"gallery1\"><img loading=\"lazy\" decoding=\"async\" src=\"https:\/\/clg-bastie-velizy.ac-versailles.fr\/wp-content\/uploads\/sites\/174\/2019\/09\/WhatsApp-Image-2019-09-19-at-16.01.59-1-150x150.jpeg\" width=\"150\" height=\"150\" alt=\"\" \/><\/a>\r\n<\/div><\/figure><figure class=\"gallery-item\">\n<div class=\"gallery-icon\">\r\n<a href=\"https:\/\/clg-bastie-velizy.ac-versailles.fr\/wp-content\/uploads\/sites\/174\/2019\/09\/WhatsApp-Image-2019-09-19-at-16.01.59.jpeg\" title=\"\" rel=\"gallery1\"><img loading=\"lazy\" decoding=\"async\" src=\"https:\/\/clg-bastie-velizy.ac-versailles.fr\/wp-content\/uploads\/sites\/174\/2019\/09\/WhatsApp-Image-2019-09-19-at-16.01.59-150x150.jpeg\" width=\"150\" height=\"150\" alt=\"\" \/><\/a>\r\n<\/div><\/figure><figure class=\"gallery-item\">\n<div class=\"gallery-icon\">\r\n<a href=\"https:\/\/clg-bastie-velizy.ac-versailles.fr\/wp-content\/uploads\/sites\/174\/2019\/09\/WhatsApp-Image-2019-09-19-at-16.55.47-1.jpeg\" title=\"\" rel=\"gallery1\"><img loading=\"lazy\" decoding=\"async\" src=\"https:\/\/clg-bastie-velizy.ac-versailles.fr\/wp-content\/uploads\/sites\/174\/2019\/09\/WhatsApp-Image-2019-09-19-at-16.55.47-1-150x150.jpeg\" width=\"150\" height=\"150\" alt=\"\" \/><\/a>\r\n<\/div><\/figure><figure class=\"gallery-item\">\n<div class=\"gallery-icon\">\r\n<a href=\"https:\/\/clg-bastie-velizy.ac-versailles.fr\/wp-content\/uploads\/sites\/174\/2019\/09\/WhatsApp-Image-2019-09-19-at-16.02.00-1.jpeg\" title=\"\" rel=\"gallery1\"><img loading=\"lazy\" decoding=\"async\" src=\"https:\/\/clg-bastie-velizy.ac-versailles.fr\/wp-content\/uploads\/sites\/174\/2019\/09\/WhatsApp-Image-2019-09-19-at-16.02.00-1-150x150.jpeg\" width=\"150\" height=\"150\" alt=\"\" \/><\/a>\r\n<\/div><\/figure><figure class=\"gallery-item\">\n<div class=\"gallery-icon\">\r\n<a href=\"https:\/\/clg-bastie-velizy.ac-versailles.fr\/wp-content\/uploads\/sites\/174\/2019\/09\/WhatsApp-Image-2019-09-19-at-16.02.00-2.jpeg\" title=\"\" rel=\"gallery1\"><img loading=\"lazy\" decoding=\"async\" src=\"https:\/\/clg-bastie-velizy.ac-versailles.fr\/wp-content\/uploads\/sites\/174\/2019\/09\/WhatsApp-Image-2019-09-19-at-16.02.00-2-150x150.jpeg\" width=\"150\" height=\"150\" alt=\"\" \/><\/a>\r\n<\/div><\/figure><figure class=\"gallery-item\">\n<div class=\"gallery-icon\">\r\n<a href=\"https:\/\/clg-bastie-velizy.ac-versailles.fr\/wp-content\/uploads\/sites\/174\/2019\/09\/WhatsApp-Image-2019-09-19-at-16.02.00-3.jpeg\" title=\"\" rel=\"gallery1\"><img loading=\"lazy\" decoding=\"async\" src=\"https:\/\/clg-bastie-velizy.ac-versailles.fr\/wp-content\/uploads\/sites\/174\/2019\/09\/WhatsApp-Image-2019-09-19-at-16.02.00-3-150x150.jpeg\" width=\"150\" height=\"150\" alt=\"\" \/><\/a>\r\n<\/div><\/figure><figure class=\"gallery-item\">\n<div class=\"gallery-icon\">\r\n<a href=\"https:\/\/clg-bastie-velizy.ac-versailles.fr\/wp-content\/uploads\/sites\/174\/2019\/09\/WhatsApp-Image-2019-09-19-at-16.02.00-4.jpeg\" title=\"\" rel=\"gallery1\"><img loading=\"lazy\" decoding=\"async\" src=\"https:\/\/clg-bastie-velizy.ac-versailles.fr\/wp-content\/uploads\/sites\/174\/2019\/09\/WhatsApp-Image-2019-09-19-at-16.02.00-4-150x150.jpeg\" width=\"150\" height=\"150\" alt=\"\" \/><\/a>\r\n<\/div><\/figure><figure class=\"gallery-item\">\n<div class=\"gallery-icon\">\r\n<a href=\"https:\/\/clg-bastie-velizy.ac-versailles.fr\/wp-content\/uploads\/sites\/174\/2019\/09\/WhatsApp-Image-2019-09-19-at-16.01.59-2.jpeg\" title=\"\" rel=\"gallery1\"><img loading=\"lazy\" decoding=\"async\" src=\"https:\/\/clg-bastie-velizy.ac-versailles.fr\/wp-content\/uploads\/sites\/174\/2019\/09\/WhatsApp-Image-2019-09-19-at-16.01.59-2-150x150.jpeg\" width=\"150\" height=\"150\" alt=\"\" \/><\/a>\r\n<\/div><\/figure><figure class=\"gallery-item\">\n<div class=\"gallery-icon\">\r\n<a href=\"https:\/\/clg-bastie-velizy.ac-versailles.fr\/wp-content\/uploads\/sites\/174\/2019\/09\/WhatsApp-Image-2019-09-19-at-16.02.00.jpeg\" title=\"\" rel=\"gallery1\"><img loading=\"lazy\" decoding=\"async\" src=\"https:\/\/clg-bastie-velizy.ac-versailles.fr\/wp-content\/uploads\/sites\/174\/2019\/09\/WhatsApp-Image-2019-09-19-at-16.02.00-150x150.jpeg\" width=\"150\" height=\"150\" alt=\"\" \/><\/a>\r\n<\/div><\/figure><figure class=\"gallery-item\">\n<div class=\"gallery-icon\">\r\n<a href=\"https:\/\/clg-bastie-velizy.ac-versailles.fr\/wp-content\/uploads\/sites\/174\/2019\/09\/WhatsApp-Image-2019-09-19-at-16.03.45.jpeg\" title=\"\" rel=\"gallery1\"><img loading=\"lazy\" decoding=\"async\" src=\"https:\/\/clg-bastie-velizy.ac-versailles.fr\/wp-content\/uploads\/sites\/174\/2019\/09\/WhatsApp-Image-2019-09-19-at-16.03.45-150x150.jpeg\" width=\"150\" height=\"150\" alt=\"\" \/><\/a>\r\n<\/div><\/figure><figure class=\"gallery-item\">\n<div class=\"gallery-icon\">\r\n<a href=\"https:\/\/clg-bastie-velizy.ac-versailles.fr\/wp-content\/uploads\/sites\/174\/2019\/09\/WhatsApp-Image-2019-09-19-at-16.03.47-1.jpeg\" title=\"\" rel=\"gallery1\"><img loading=\"lazy\" decoding=\"async\" src=\"https:\/\/clg-bastie-velizy.ac-versailles.fr\/wp-content\/uploads\/sites\/174\/2019\/09\/WhatsApp-Image-2019-09-19-at-16.03.47-1-150x150.jpeg\" width=\"150\" height=\"150\" alt=\"\" \/><\/a>\r\n<\/div><\/figure>\r\n\t\t<\/div>\n\n","protected":false},"excerpt":{"rendered":"<p>Journ\u00e9e exceptionnelle en ce jeudi 19 septembre 2019 pour les \u00e9l\u00e8ves de 5\u00e8me. Louis XIV, son Ch\u00e2teau de Versailles, ses \u00e9curies et ses jardins leur ont ouvert leurs portes et se sont offerts \u00e0 eux. Plusieurs visites et ateliers ont ainsi \u00e9maill\u00e9 cette journ\u00e9e. Mais comment imaginer se rendre \u00e0 Versailles ? En carrosse bien [&hellip;]<\/p>\n","protected":false},"author":1127,"featured_media":4509,"comment_status":"closed","ping_status":"closed","sticky":false,"template":"","format":"standard","meta":{"footnotes":""},"categories":[26],"tags":[],"class_list":["post-4488","post","type-post","status-publish","format-standard","has-post-thumbnail","hentry","category-vie-pedagogique"],"_links":{"self":[{"href":"https:\/\/clg-bastie-velizy.ac-versailles.fr\/index.php?rest_route=\/wp\/v2\/posts\/4488","targetHints":{"allow":["GET"]}}],"collection":[{"href":"https:\/\/clg-bastie-velizy.ac-versailles.fr\/index.php?rest_route=\/wp\/v2\/posts"}],"about":[{"href":"https:\/\/clg-bastie-velizy.ac-versailles.fr\/index.php?rest_route=\/wp\/v2\/types\/post"}],"author":[{"embeddable":true,"href":"https:\/\/clg-bastie-velizy.ac-versailles.fr\/index.php?rest_route=\/wp\/v2\/users\/1127"}],"replies":[{"embeddable":true,"href":"https:\/\/clg-bastie-velizy.ac-versailles.fr\/index.php?rest_route=%2Fwp%2Fv2%2Fcomments&post=4488"}],"version-history":[{"count":3,"href":"https:\/\/clg-bastie-velizy.ac-versailles.fr\/index.php?rest_route=\/wp\/v2\/posts\/4488\/revisions"}],"predecessor-version":[{"id":4552,"href":"https:\/\/clg-bastie-velizy.ac-versailles.fr\/index.php?rest_route=\/wp\/v2\/posts\/4488\/revisions\/4552"}],"wp:featuredmedia":[{"embeddable":true,"href":"https:\/\/clg-bastie-velizy.ac-versailles.fr\/index.php?rest_route=\/wp\/v2\/media\/4509"}],"wp:attachment":[{"href":"https:\/\/clg-bastie-velizy.ac-versailles.fr\/index.php?rest_route=%2Fwp%2Fv2%2Fmedia&parent=4488"}],"wp:term":[{"taxonomy":"category","embeddable":true,"href":"https:\/\/clg-bastie-velizy.ac-versailles.fr\/index.php?rest_route=%2Fwp%2Fv2%2Fcategories&post=4488"},{"taxonomy":"post_tag","embeddable":true,"href":"https:\/\/clg-bastie-velizy.ac-versailles.fr\/index.php?rest_route=%2Fwp%2Fv2%2Ftags&post=4488"}],"curies":[{"name":"wp","href":"https:\/\/api.w.org\/{rel}","templated":true}]}}