{"id":3459,"date":"2018-11-16T21:50:44","date_gmt":"2018-11-16T20:50:44","guid":{"rendered":"http:\/\/www.clg-bastie-velizy.ac-versailles.fr\/?p=3459"},"modified":"2019-01-20T14:35:05","modified_gmt":"2019-01-20T13:35:05","slug":"des-anglais-a-paris-a-versailles-et-a-velizy","status":"publish","type":"post","link":"https:\/\/clg-bastie-velizy.ac-versailles.fr\/?p=3459","title":{"rendered":"Des Anglais \u00e0 Paris, \u00e0 Versailles&#8230; et \u00e0 V\u00e9lizy"},"content":{"rendered":"<p style=\"text-align: justify\">10h. Arriv\u00e9e de nos 20 \u00e9l\u00e8ves anglais correspondants accompagn\u00e9s de leurs 2 professeures de Harrow, quartier situ\u00e9 au nord de Londres \u00e0 c\u00f4t\u00e9 de Wembley. Apr\u00e8s un petit d\u00e9jeuner \u00e0 la fran\u00e7aise avec viennoiseries (croissants, chocolatines ou pains au chocolat), jus d&#8217;orange et\/ou caf\u00e9, ils ont \u00e9t\u00e9 accueillis par Mme la Principale du coll\u00e8ge puis une pr\u00e9sentation du coll\u00e8ge leur a \u00e9t\u00e9 faite par nos \u00e9l\u00e8ves de 3<sup>\u00e8me<\/sup>. Enfin, ils ont r\u00e9pondu \u00e0 un quiz sur le coll\u00e8ge, Paris et quelques notions de culture g\u00e9n\u00e9rale en fran\u00e7ais et en anglais.<\/p>\n<p style=\"text-align: justify\">11h20. Visite de la SEGPA avec la directrice, Mme Remaud, et notamment les ateliers professionnels (le magasin d&#8217;application et la cuisine). Les correspondants ont, par la suite, \u00e9chang\u00e9 en anglais et en fran\u00e7ais avec les classes de 5<sup>\u00e8me<\/sup>2 et 5<sup>\u00e8me<\/sup>6. Les \u00e9l\u00e8ves du coll\u00e8ge ont pu remettre, \u00e0 cette occasion, le po\u00e8me qu&#8217;ils avaient pr\u00e9par\u00e9 pour les correspondants.<\/p>\n<p style=\"text-align: justify\">12h30\/13h30. D\u00e9jeuner au coll\u00e8ge.<\/p>\n<p style=\"text-align: justify\">14h30\/16h30. Visite du ch\u00e2teau de Versailles.<\/p>\n<p style=\"text-align: justify\">17h30\/18h30. Visite du Louvre.<\/p>\n<p style=\"text-align: justify\">Soir. L&#8217;\u00e9quipe des professeures d&#8217;Anglais ont retrouv\u00e9 les professeurs et \u00e9l\u00e8ves anglais pr\u00e8s du Louvre pour un repas convivial, pr\u00e9parant ainsi de futures rencontres.<\/p>\n\n\t\t<div id='gallery-1' class='gallery galleryid-3459 gallery-columns-3 gallery-size-thumbnail gallery1'><script type=\"text\/javascript\">\r\n\/\/ <![CDATA[\r\n\tjQuery(document).ready(function () {\r\n\t\tjQuery(\".gallery1 a\").attr(\"rel\",\"gallery1\");\t\r\n\t\tjQuery('a[rel=\"gallery1\"]').colorbox({maxWidth:\"95%\", maxHeight:\"95%\",title: function(){ return jQuery(this).children().attr(\"alt\"); }, });\r\n\t});\r\n\/\/ ]]>\r\n<\/script>\n<figure class=\"gallery-item\">\n<div class=\"gallery-icon\">\r\n<a href=\"https:\/\/clg-bastie-velizy.ac-versailles.fr\/wp-content\/uploads\/sites\/174\/2018\/11\/WhatsApp-Image-2018-11-18-at-17.42.37-e1547991213320.jpeg\" title=\"\" rel=\"gallery1\"><img loading=\"lazy\" decoding=\"async\" src=\"https:\/\/clg-bastie-velizy.ac-versailles.fr\/wp-content\/uploads\/sites\/174\/2018\/11\/WhatsApp-Image-2018-11-18-at-17.42.37-150x150.jpeg\" width=\"150\" height=\"150\" alt=\"\" \/><\/a>\r\n<\/div><\/figure><figure class=\"gallery-item\">\n<div class=\"gallery-icon\">\r\n<a href=\"https:\/\/clg-bastie-velizy.ac-versailles.fr\/wp-content\/uploads\/sites\/174\/2018\/11\/WhatsApp-Image-2018-11-18-at-17.44.06-e1547991228376.jpeg\" title=\"\" rel=\"gallery1\"><img loading=\"lazy\" decoding=\"async\" src=\"https:\/\/clg-bastie-velizy.ac-versailles.fr\/wp-content\/uploads\/sites\/174\/2018\/11\/WhatsApp-Image-2018-11-18-at-17.44.06-150x150.jpeg\" width=\"150\" height=\"150\" alt=\"\" \/><\/a>\r\n<\/div><\/figure><figure class=\"gallery-item\">\n<div class=\"gallery-icon\">\r\n<a href=\"https:\/\/clg-bastie-velizy.ac-versailles.fr\/wp-content\/uploads\/sites\/174\/2018\/11\/WhatsApp-Image-2018-11-18-at-17.42.51-e1547991244879.jpeg\" title=\"\" rel=\"gallery1\"><img loading=\"lazy\" decoding=\"async\" src=\"https:\/\/clg-bastie-velizy.ac-versailles.fr\/wp-content\/uploads\/sites\/174\/2018\/11\/WhatsApp-Image-2018-11-18-at-17.42.51-150x150.jpeg\" width=\"150\" height=\"150\" alt=\"\" \/><\/a>\r\n<\/div><\/figure><figure class=\"gallery-item\">\n<div class=\"gallery-icon\">\r\n<a href=\"https:\/\/clg-bastie-velizy.ac-versailles.fr\/wp-content\/uploads\/sites\/174\/2018\/11\/WhatsApp-Image-2018-11-18-at-17.43.13-e1547991257583.jpeg\" title=\"\" rel=\"gallery1\"><img loading=\"lazy\" decoding=\"async\" src=\"https:\/\/clg-bastie-velizy.ac-versailles.fr\/wp-content\/uploads\/sites\/174\/2018\/11\/WhatsApp-Image-2018-11-18-at-17.43.13-150x150.jpeg\" width=\"150\" height=\"150\" alt=\"\" \/><\/a>\r\n<\/div><\/figure><figure class=\"gallery-item\">\n<div class=\"gallery-icon\">\r\n<a href=\"https:\/\/clg-bastie-velizy.ac-versailles.fr\/wp-content\/uploads\/sites\/174\/2018\/11\/WhatsApp-Image-2018-11-18-at-17.44.16-e1547991274858.jpeg\" title=\"\" rel=\"gallery1\"><img loading=\"lazy\" decoding=\"async\" src=\"https:\/\/clg-bastie-velizy.ac-versailles.fr\/wp-content\/uploads\/sites\/174\/2018\/11\/WhatsApp-Image-2018-11-18-at-17.44.16-150x150.jpeg\" width=\"150\" height=\"150\" alt=\"\" \/><\/a>\r\n<\/div><\/figure><figure class=\"gallery-item\">\n<div class=\"gallery-icon\">\r\n<a href=\"https:\/\/clg-bastie-velizy.ac-versailles.fr\/wp-content\/uploads\/sites\/174\/2018\/11\/WhatsApp-Image-2018-11-18-at-17.43.53-e1547991288267.jpeg\" title=\"\" rel=\"gallery1\"><img loading=\"lazy\" decoding=\"async\" src=\"https:\/\/clg-bastie-velizy.ac-versailles.fr\/wp-content\/uploads\/sites\/174\/2018\/11\/WhatsApp-Image-2018-11-18-at-17.43.53-150x150.jpeg\" width=\"150\" height=\"150\" alt=\"\" \/><\/a>\r\n<\/div><\/figure>\r\n\t\t<\/div>\n\n","protected":false},"excerpt":{"rendered":"<p>10h. Arriv\u00e9e de nos 20 \u00e9l\u00e8ves anglais correspondants accompagn\u00e9s de leurs 2 professeures de Harrow, quartier situ\u00e9 au nord de Londres \u00e0 c\u00f4t\u00e9 de Wembley. Apr\u00e8s un petit d\u00e9jeuner \u00e0 la fran\u00e7aise avec viennoiseries (croissants, chocolatines ou pains au chocolat), jus d&#8217;orange et\/ou caf\u00e9, ils ont \u00e9t\u00e9 accueillis par Mme la Principale du coll\u00e8ge puis [&hellip;]<\/p>\n","protected":false},"author":1127,"featured_media":3464,"comment_status":"closed","ping_status":"closed","sticky":false,"template":"","format":"standard","meta":{"footnotes":""},"categories":[26],"tags":[],"class_list":["post-3459","post","type-post","status-publish","format-standard","has-post-thumbnail","hentry","category-vie-pedagogique"],"_links":{"self":[{"href":"https:\/\/clg-bastie-velizy.ac-versailles.fr\/index.php?rest_route=\/wp\/v2\/posts\/3459","targetHints":{"allow":["GET"]}}],"collection":[{"href":"https:\/\/clg-bastie-velizy.ac-versailles.fr\/index.php?rest_route=\/wp\/v2\/posts"}],"about":[{"href":"https:\/\/clg-bastie-velizy.ac-versailles.fr\/index.php?rest_route=\/wp\/v2\/types\/post"}],"author":[{"embeddable":true,"href":"https:\/\/clg-bastie-velizy.ac-versailles.fr\/index.php?rest_route=\/wp\/v2\/users\/1127"}],"replies":[{"embeddable":true,"href":"https:\/\/clg-bastie-velizy.ac-versailles.fr\/index.php?rest_route=%2Fwp%2Fv2%2Fcomments&post=3459"}],"version-history":[{"count":4,"href":"https:\/\/clg-bastie-velizy.ac-versailles.fr\/index.php?rest_route=\/wp\/v2\/posts\/3459\/revisions"}],"predecessor-version":[{"id":3482,"href":"https:\/\/clg-bastie-velizy.ac-versailles.fr\/index.php?rest_route=\/wp\/v2\/posts\/3459\/revisions\/3482"}],"wp:featuredmedia":[{"embeddable":true,"href":"https:\/\/clg-bastie-velizy.ac-versailles.fr\/index.php?rest_route=\/wp\/v2\/media\/3464"}],"wp:attachment":[{"href":"https:\/\/clg-bastie-velizy.ac-versailles.fr\/index.php?rest_route=%2Fwp%2Fv2%2Fmedia&parent=3459"}],"wp:term":[{"taxonomy":"category","embeddable":true,"href":"https:\/\/clg-bastie-velizy.ac-versailles.fr\/index.php?rest_route=%2Fwp%2Fv2%2Fcategories&post=3459"},{"taxonomy":"post_tag","embeddable":true,"href":"https:\/\/clg-bastie-velizy.ac-versailles.fr\/index.php?rest_route=%2Fwp%2Fv2%2Ftags&post=3459"}],"curies":[{"name":"wp","href":"https:\/\/api.w.org\/{rel}","templated":true}]}}