{"id":2660,"date":"2018-03-29T23:13:07","date_gmt":"2018-03-29T21:13:07","guid":{"rendered":"http:\/\/www.clg-bastie-velizy.ac-versailles.fr\/?p=2660"},"modified":"2018-04-03T12:19:47","modified_gmt":"2018-04-03T10:19:47","slug":"gare-aux-lapins-de-paques","status":"publish","type":"post","link":"https:\/\/clg-bastie-velizy.ac-versailles.fr\/?p=2660","title":{"rendered":"Gare aux lapins de P\u00e2ques"},"content":{"rendered":"<p>A l\u2019occasion de P\u00e2ques, le club DIY de Mme PASTOR et de Mme FAOU s&#8217;est transform\u00e9 en atelier cr\u00e9atif. Les \u00e9l\u00e8ves ont pu exprim\u00e9 leur vision, parfois psych\u00e9d\u00e9lique, des lapins de P\u00e2ques.<\/p>\n\n\t\t<div id='gallery-1' class='gallery galleryid-2660 gallery-columns-2 gallery-size-thumbnail gallery1'><script type=\"text\/javascript\">\r\n\/\/ <![CDATA[\r\n\tjQuery(document).ready(function () {\r\n\t\tjQuery(\".gallery1 a\").attr(\"rel\",\"gallery1\");\t\r\n\t\tjQuery('a[rel=\"gallery1\"]').colorbox({maxWidth:\"95%\", maxHeight:\"95%\",title: function(){ return jQuery(this).children().attr(\"alt\"); }, });\r\n\t});\r\n\/\/ ]]>\r\n<\/script>\n<figure class=\"gallery-item\">\n<div class=\"gallery-icon\">\r\n<a href=\"https:\/\/clg-bastie-velizy.ac-versailles.fr\/wp-content\/uploads\/sites\/174\/2018\/03\/photo_1-e1522357077953.jpg\" title=\"\" rel=\"gallery1\"><img loading=\"lazy\" decoding=\"async\" src=\"https:\/\/clg-bastie-velizy.ac-versailles.fr\/wp-content\/uploads\/sites\/174\/2018\/03\/photo_1-e1522357077953-150x150.jpg\" width=\"150\" height=\"150\" alt=\"\" \/><\/a>\r\n<\/div><\/figure><figure class=\"gallery-item\">\n<div class=\"gallery-icon\">\r\n<a href=\"https:\/\/clg-bastie-velizy.ac-versailles.fr\/wp-content\/uploads\/sites\/174\/2018\/03\/photo_2-e1522357114835.jpg\" title=\"\" rel=\"gallery1\"><img loading=\"lazy\" decoding=\"async\" src=\"https:\/\/clg-bastie-velizy.ac-versailles.fr\/wp-content\/uploads\/sites\/174\/2018\/03\/photo_2-e1522357114835-150x150.jpg\" width=\"150\" height=\"150\" alt=\"\" \/><\/a>\r\n<\/div><\/figure>\r\n\t\t<\/div>\n\n","protected":false},"excerpt":{"rendered":"<p>A l\u2019occasion de P\u00e2ques, le club DIY de Mme PASTOR et de Mme FAOU s&#8217;est transform\u00e9 en atelier cr\u00e9atif. Les \u00e9l\u00e8ves ont pu exprim\u00e9 leur vision, parfois psych\u00e9d\u00e9lique, des lapins de P\u00e2ques.<\/p>\n","protected":false},"author":1127,"featured_media":2661,"comment_status":"closed","ping_status":"closed","sticky":false,"template":"","format":"standard","meta":{"footnotes":""},"categories":[5],"tags":[],"class_list":["post-2660","post","type-post","status-publish","format-standard","has-post-thumbnail","hentry","category-clubs"],"_links":{"self":[{"href":"https:\/\/clg-bastie-velizy.ac-versailles.fr\/index.php?rest_route=\/wp\/v2\/posts\/2660","targetHints":{"allow":["GET"]}}],"collection":[{"href":"https:\/\/clg-bastie-velizy.ac-versailles.fr\/index.php?rest_route=\/wp\/v2\/posts"}],"about":[{"href":"https:\/\/clg-bastie-velizy.ac-versailles.fr\/index.php?rest_route=\/wp\/v2\/types\/post"}],"author":[{"embeddable":true,"href":"https:\/\/clg-bastie-velizy.ac-versailles.fr\/index.php?rest_route=\/wp\/v2\/users\/1127"}],"replies":[{"embeddable":true,"href":"https:\/\/clg-bastie-velizy.ac-versailles.fr\/index.php?rest_route=%2Fwp%2Fv2%2Fcomments&post=2660"}],"version-history":[{"count":4,"href":"https:\/\/clg-bastie-velizy.ac-versailles.fr\/index.php?rest_route=\/wp\/v2\/posts\/2660\/revisions"}],"predecessor-version":[{"id":2666,"href":"https:\/\/clg-bastie-velizy.ac-versailles.fr\/index.php?rest_route=\/wp\/v2\/posts\/2660\/revisions\/2666"}],"wp:featuredmedia":[{"embeddable":true,"href":"https:\/\/clg-bastie-velizy.ac-versailles.fr\/index.php?rest_route=\/wp\/v2\/media\/2661"}],"wp:attachment":[{"href":"https:\/\/clg-bastie-velizy.ac-versailles.fr\/index.php?rest_route=%2Fwp%2Fv2%2Fmedia&parent=2660"}],"wp:term":[{"taxonomy":"category","embeddable":true,"href":"https:\/\/clg-bastie-velizy.ac-versailles.fr\/index.php?rest_route=%2Fwp%2Fv2%2Fcategories&post=2660"},{"taxonomy":"post_tag","embeddable":true,"href":"https:\/\/clg-bastie-velizy.ac-versailles.fr\/index.php?rest_route=%2Fwp%2Fv2%2Ftags&post=2660"}],"curies":[{"name":"wp","href":"https:\/\/api.w.org\/{rel}","templated":true}]}}