{"id":1939,"date":"2015-10-20T14:03:42","date_gmt":"2015-10-20T12:03:42","guid":{"rendered":"http:\/\/www.clg-bastie-velizy.ac-versailles.fr\/?p=1939"},"modified":"2017-10-08T14:05:33","modified_gmt":"2017-10-08T12:05:33","slug":"formation-des-delegues-6eme","status":"publish","type":"post","link":"https:\/\/clg-bastie-velizy.ac-versailles.fr\/?p=1939","title":{"rendered":"Formation des d\u00e9l\u00e9gu\u00e9s 6\u00e8me"},"content":{"rendered":"<p>Les \u00e9l\u00e8ves \u00e9lus des classes de 6\u00e8me, ont b\u00e9n\u00e9fici\u00e9 d\u2019une formation d\u2019une demi-journ\u00e9e. Les \u00e9l\u00e8ves ont \u00e9t\u00e9 re\u00e7u dans la salle des conseils de la mairie de V\u00e9lizy.<\/p>\n<p>Ils ont \u00e9t\u00e9 accueillis par M.\u00a0CONRIE, adjoint au maire\u00a0; Mme\u00a0SAUVET, directrice g\u00e9n\u00e9rale ainsi que M.LAUDY, directeur du p\u00f4le Education. Apr\u00e8s quelques minutes, monsieur Le Maire nous a rejoint et il s\u2019est pr\u00eat\u00e9 volontiers au jeux du questions-r\u00e9ponses avec les \u00e9l\u00e8ves.<\/p>\n<p>Par la suite les \u00e9l\u00e8ves ont participer \u00e0 des ateliers avec la CPE, l\u2019objectif \u00e9tait de les pr\u00e9parer \u00e0 leur r\u00f4le de d\u00e9l\u00e9gu\u00e9s.<\/p>\n\n\t\t<div id='gallery-1' class='gallery galleryid-1939 gallery-columns-4 gallery-size-thumbnail gallery1'><script type=\"text\/javascript\">\r\n\/\/ <![CDATA[\r\n\tjQuery(document).ready(function () {\r\n\t\tjQuery(\".gallery1 a\").attr(\"rel\",\"gallery1\");\t\r\n\t\tjQuery('a[rel=\"gallery1\"]').colorbox({maxWidth:\"95%\", maxHeight:\"95%\",title: function(){ return jQuery(this).children().attr(\"alt\"); }, });\r\n\t});\r\n\/\/ ]]>\r\n<\/script>\n<figure class=\"gallery-item\">\n<div class=\"gallery-icon\">\r\n<a href=\"https:\/\/clg-bastie-velizy.ac-versailles.fr\/wp-content\/uploads\/sites\/174\/2017\/10\/arton221.jpg\" title=\"\" rel=\"gallery1\"><img loading=\"lazy\" decoding=\"async\" src=\"https:\/\/clg-bastie-velizy.ac-versailles.fr\/wp-content\/uploads\/sites\/174\/2017\/10\/arton221-150x150.jpg\" width=\"150\" height=\"150\" alt=\"\" \/><\/a>\r\n<\/div><\/figure><figure class=\"gallery-item\">\n<div class=\"gallery-icon\">\r\n<a href=\"https:\/\/clg-bastie-velizy.ac-versailles.fr\/wp-content\/uploads\/sites\/174\/2017\/10\/photo_2015.2016_college_008.jpg\" title=\"\" rel=\"gallery1\"><img loading=\"lazy\" decoding=\"async\" src=\"https:\/\/clg-bastie-velizy.ac-versailles.fr\/wp-content\/uploads\/sites\/174\/2017\/10\/photo_2015.2016_college_008-150x150.jpg\" width=\"150\" height=\"150\" alt=\"\" \/><\/a>\r\n<\/div><\/figure><figure class=\"gallery-item\">\n<div class=\"gallery-icon\">\r\n<a href=\"https:\/\/clg-bastie-velizy.ac-versailles.fr\/wp-content\/uploads\/sites\/174\/2017\/10\/photo_2015.2016_college_009.jpg\" title=\"\" rel=\"gallery1\"><img loading=\"lazy\" decoding=\"async\" src=\"https:\/\/clg-bastie-velizy.ac-versailles.fr\/wp-content\/uploads\/sites\/174\/2017\/10\/photo_2015.2016_college_009-150x150.jpg\" width=\"150\" height=\"150\" alt=\"\" \/><\/a>\r\n<\/div><\/figure><figure class=\"gallery-item\">\n<div class=\"gallery-icon\">\r\n<a href=\"https:\/\/clg-bastie-velizy.ac-versailles.fr\/wp-content\/uploads\/sites\/174\/2017\/10\/photo_2015.2016_college_010.jpg\" title=\"\" rel=\"gallery1\"><img loading=\"lazy\" decoding=\"async\" src=\"https:\/\/clg-bastie-velizy.ac-versailles.fr\/wp-content\/uploads\/sites\/174\/2017\/10\/photo_2015.2016_college_010-150x150.jpg\" width=\"150\" height=\"150\" alt=\"\" \/><\/a>\r\n<\/div><\/figure>\r\n\t\t<\/div>\n\n","protected":false},"excerpt":{"rendered":"<p>Les \u00e9l\u00e8ves \u00e9lus des classes de 6\u00e8me, ont b\u00e9n\u00e9fici\u00e9 d\u2019une formation d\u2019une demi-journ\u00e9e. Les \u00e9l\u00e8ves ont \u00e9t\u00e9 re\u00e7u dans la salle des conseils de la mairie de V\u00e9lizy. Ils ont \u00e9t\u00e9 accueillis par M.\u00a0CONRIE, adjoint au maire\u00a0; Mme\u00a0SAUVET, directrice g\u00e9n\u00e9rale ainsi que M.LAUDY, directeur du p\u00f4le Education. Apr\u00e8s quelques minutes, monsieur Le Maire nous a [&hellip;]<\/p>\n","protected":false},"author":1127,"featured_media":1940,"comment_status":"closed","ping_status":"closed","sticky":false,"template":"","format":"standard","meta":{"footnotes":""},"categories":[26],"tags":[],"class_list":["post-1939","post","type-post","status-publish","format-standard","has-post-thumbnail","hentry","category-vie-pedagogique"],"_links":{"self":[{"href":"https:\/\/clg-bastie-velizy.ac-versailles.fr\/index.php?rest_route=\/wp\/v2\/posts\/1939","targetHints":{"allow":["GET"]}}],"collection":[{"href":"https:\/\/clg-bastie-velizy.ac-versailles.fr\/index.php?rest_route=\/wp\/v2\/posts"}],"about":[{"href":"https:\/\/clg-bastie-velizy.ac-versailles.fr\/index.php?rest_route=\/wp\/v2\/types\/post"}],"author":[{"embeddable":true,"href":"https:\/\/clg-bastie-velizy.ac-versailles.fr\/index.php?rest_route=\/wp\/v2\/users\/1127"}],"replies":[{"embeddable":true,"href":"https:\/\/clg-bastie-velizy.ac-versailles.fr\/index.php?rest_route=%2Fwp%2Fv2%2Fcomments&post=1939"}],"version-history":[{"count":1,"href":"https:\/\/clg-bastie-velizy.ac-versailles.fr\/index.php?rest_route=\/wp\/v2\/posts\/1939\/revisions"}],"predecessor-version":[{"id":1944,"href":"https:\/\/clg-bastie-velizy.ac-versailles.fr\/index.php?rest_route=\/wp\/v2\/posts\/1939\/revisions\/1944"}],"wp:featuredmedia":[{"embeddable":true,"href":"https:\/\/clg-bastie-velizy.ac-versailles.fr\/index.php?rest_route=\/wp\/v2\/media\/1940"}],"wp:attachment":[{"href":"https:\/\/clg-bastie-velizy.ac-versailles.fr\/index.php?rest_route=%2Fwp%2Fv2%2Fmedia&parent=1939"}],"wp:term":[{"taxonomy":"category","embeddable":true,"href":"https:\/\/clg-bastie-velizy.ac-versailles.fr\/index.php?rest_route=%2Fwp%2Fv2%2Fcategories&post=1939"},{"taxonomy":"post_tag","embeddable":true,"href":"https:\/\/clg-bastie-velizy.ac-versailles.fr\/index.php?rest_route=%2Fwp%2Fv2%2Ftags&post=1939"}],"curies":[{"name":"wp","href":"https:\/\/api.w.org\/{rel}","templated":true}]}}